{"id":4336,"date":"2020-10-29T13:50:53","date_gmt":"2020-10-29T13:50:53","guid":{"rendered":"https:\/\/www.starsworldproduction.com\/?p=4336"},"modified":"2020-10-29T13:50:53","modified_gmt":"2020-10-29T13:50:53","slug":"armando-manzanero-emocionante-homenaje-los-latin-billboard","status":"publish","type":"post","link":"https:\/\/starsworldproduction.com\/web\/2020\/10\/29\/armando-manzanero-emocionante-homenaje-los-latin-billboard\/","title":{"rendered":"Armando Manzanero y su emocionante homenaje en los Latin Billboard"},"content":{"rendered":"<p>Armando Manzanero recibi\u00f3 un emotivo homenaje en la edici\u00f3n 2020 de los Billboard de la M\u00fasica Latina, que se llevaron a cabo\u00a0el pasado mi\u00e9rcoles.<\/p>\n<p>Durante la ceremonia, el cantautor mexicano tambi\u00e9n fue reconocido con el Premio a la Trayectoria, por sus m\u00e1s de 50 a\u00f1os de carrera en la industria y sus aportes a la m\u00fasica.<\/p>\n<p>Pablo Albor\u00e1n cant\u00f3 \u00abContigo Aprend\u00ed\u00bb.<br \/>\n<iframe loading=\"lazy\" src=\"https:\/\/www.youtube.com\/embed\/_uVnENiO5HM\" width=\"560\" height=\"315\" frameborder=\"0\" allowfullscreen=\"allowfullscreen\"><\/iframe><\/p>\n<p>Luis Fonsi \u00abPor debajo de la Mesa\u00bb.<br \/>\n<iframe loading=\"lazy\" src=\"https:\/\/www.youtube.com\/embed\/3Zbg-Q9sHTE\" width=\"560\" height=\"315\" frameborder=\"0\" allowfullscreen=\"allowfullscreen\"><\/iframe><\/p>\n<p>Jes\u00fas Navarro (de Reik) \u00abComo yo te Am\u00e9\u00bb.<br \/>\n<iframe loading=\"lazy\" src=\"https:\/\/www.youtube.com\/embed\/U5pz-v-hRCs\" width=\"560\" height=\"315\" frameborder=\"0\" allowfullscreen=\"allowfullscreen\"><\/iframe><\/p>\n<p>Joy Huerta (de Jesse &amp; Joy) \u00abNo s\u00e9 T\u00fa\u00bb.<br \/>\n<iframe loading=\"lazy\" src=\"https:\/\/www.youtube.com\/embed\/Rc6EyoAsS-U\" width=\"560\" height=\"315\" frameborder=\"0\" allowfullscreen=\"allowfullscreen\"><\/iframe><\/p>\n<p>Manzanero, quien toc\u00f3 el piano a lo largo del n\u00famero musical, cerr\u00f3 con el cl\u00e1sico \u00abEsta tarde vi Llover\u00bb, sin duda una noche llena de romanticismo y emociones.<\/p>\n<h4><strong>As\u00ed que mira el video completo aqu\u00ed:<\/strong><\/h4>\n<p><iframe loading=\"lazy\" src=\"https:\/\/www.youtube.com\/embed\/Ohvg35lBrFU\" width=\"560\" height=\"315\" frameborder=\"0\" allowfullscreen=\"allowfullscreen\"><\/iframe><br \/>\nAl finalizar la presentaci\u00f3n, el cantautor recibi\u00f3 el galard\u00f3n y agradeci\u00f3 el tributo que los artistas realizaron en su honor con un emotivo discurso.<\/p>\n<h5>El cantante expres\u00f3:<\/h5>\n<p>\u00abMe siento muy orgulloso y a la vez muy agradecido de que la vida me de oportunidad de poder compartir con las actuales generaciones\u201d.<\/p>\n<h5>Adem\u00e1s estos fueron algunos de los comentarios de sus fans:<\/h5>\n<ul>\n<li>Sin duda que honor.<\/li>\n<li>Maestro!<\/li>\n<li>Lo m\u00e1s bello de ese Espect\u00e1culo, algo m\u00e1gico y hermoso.<\/li>\n<\/ul>\n<p>&nbsp;<\/p>\n<p>&nbsp;<\/p>\n<p>&nbsp;<\/p>\n","protected":false},"excerpt":{"rendered":"<p>Armando Manzanero recibi\u00f3 un emotivo homenaje en la edici\u00f3n 2020 de los Billboard de la M\u00fasica Latina, que se llevaron a cabo\u00a0el pasado mi\u00e9rcoles. Durante la ceremonia, el cantautor mexicano tambi\u00e9n fue reconocido con el Premio a la Trayectoria, por sus m\u00e1s de 50 a\u00f1os de carrera en la industria y sus aportes a la [&hellip;]<\/p>\n","protected":false},"author":1,"featured_media":4337,"comment_status":"open","ping_status":"open","sticky":false,"template":"","format":"standard","meta":{"footnotes":""},"categories":[121],"tags":[432,814,856,1373,1385,1403,1430,1689,1693,1733,2914,3211,3524,3543,3744,4290,4292,4322,4331,4385,4928,4930,5141,5161,5165,5342,5942,6072,6309,6332,6568,6914,7204,7215,7438,7712,7720,16,7907,7914],"class_list":["post-4336","post","type-post","status-publish","format-standard","has-post-thumbnail","category-noticias-musicales","tag-actor","tag-armando-manzanero","tag-artistas","tag-cancion","tag-canciones","tag-cantante","tag-cantautor","tag-clasico","tag-clasicos","tag-colaboracion","tag-exito","tag-gala","tag-hit","tag-homenaje","tag-instagram","tag-latin-billboard","tag-latin-billboard-2020","tag-latino","tag-latinos","tag-leyenda","tag-mexicano","tag-mexico","tag-musica","tag-musical","tag-musico","tag-noche","tag-premios","tag-productor-musical","tag-reconocimiento","tag-redes-sociales","tag-romantico","tag-single","tag-tema","tag-temas","tag-trayectoria","tag-video","tag-videoclip","tag-viral","tag-youtube","tag-yucateco"],"_links":{"self":[{"href":"https:\/\/starsworldproduction.com\/web\/wp-json\/wp\/v2\/posts\/4336","targetHints":{"allow":["GET"]}}],"collection":[{"href":"https:\/\/starsworldproduction.com\/web\/wp-json\/wp\/v2\/posts"}],"about":[{"href":"https:\/\/starsworldproduction.com\/web\/wp-json\/wp\/v2\/types\/post"}],"author":[{"embeddable":true,"href":"https:\/\/starsworldproduction.com\/web\/wp-json\/wp\/v2\/users\/1"}],"replies":[{"embeddable":true,"href":"https:\/\/starsworldproduction.com\/web\/wp-json\/wp\/v2\/comments?post=4336"}],"version-history":[{"count":0,"href":"https:\/\/starsworldproduction.com\/web\/wp-json\/wp\/v2\/posts\/4336\/revisions"}],"wp:featuredmedia":[{"embeddable":true,"href":"https:\/\/starsworldproduction.com\/web\/wp-json\/wp\/v2\/media\/4337"}],"wp:attachment":[{"href":"https:\/\/starsworldproduction.com\/web\/wp-json\/wp\/v2\/media?parent=4336"}],"wp:term":[{"taxonomy":"category","embeddable":true,"href":"https:\/\/starsworldproduction.com\/web\/wp-json\/wp\/v2\/categories?post=4336"},{"taxonomy":"post_tag","embeddable":true,"href":"https:\/\/starsworldproduction.com\/web\/wp-json\/wp\/v2\/tags?post=4336"}],"curies":[{"name":"wp","href":"https:\/\/api.w.org\/{rel}","templated":true}]}}