{"id":4382,"date":"2020-11-09T14:00:35","date_gmt":"2020-11-09T14:00:35","guid":{"rendered":"https:\/\/www.starsworldproduction.com\/?p=4382"},"modified":"2020-11-09T14:00:35","modified_gmt":"2020-11-09T14:00:35","slug":"jose-luis-perales-tendra-una-increible-participacion-los-latin-grammy","status":"publish","type":"post","link":"https:\/\/starsworldproduction.com\/web\/2020\/11\/09\/jose-luis-perales-tendra-una-increible-participacion-los-latin-grammy\/","title":{"rendered":"Jos\u00e9 Luis Perales tendr\u00e1 una incre\u00edble participaci\u00f3n en los Latin Grammy"},"content":{"rendered":"<p id=\"m91-90-92\" class=\"paragraph \" style=\"text-align: justify;\">El m\u00fasico espa\u00f1ol\u00a0Jos\u00e9 Luis Perales\u00a0actuar\u00e1 y presentar\u00e1 en la pr\u00f3xima edici\u00f3n de los\u00a0Latin Grammy, informaron hoy a EFE fuentes de la Academia Latina de la Grabaci\u00f3n.<\/p>\n<p id=\"m96-95-97\" class=\"paragraph \" style=\"text-align: justify;\">Perales,\u00a0nominado en la categor\u00eda de mejor \u00e1lbum vocal pop por su disco:<\/p>\n<p class=\"paragraph \" style=\"text-align: justify;\">\u00a0-Mir\u00e1ndote a los ojos.<\/p>\n<p class=\"paragraph \" style=\"text-align: justify;\">interpretar\u00e1 dos de sus cl\u00e1sicos:<\/p>\n<ul style=\"text-align: justify;\">\n<li class=\"paragraph \">Y c\u00f3mo es \u00e9l.<\/li>\n<li class=\"paragraph \">Te quiero.<\/li>\n<\/ul>\n<p class=\"paragraph \" style=\"text-align: justify;\">Desde la terraza del Hotel Riu Plaza, en Madrid, con vistas al\u00a0Palacio Real, la catedral de La Almudena y el Teatro Real.<\/p>\n<p id=\"m101-100-102\" class=\"paragraph \" style=\"text-align: justify;\">Anuel AA, Sebasti\u00e1n Yatra, Ricardo Montaner y Debi Nova son algunos de los artistas que se sumar\u00e1n a las actuaciones de los Latin Grammy,\u00a0organizados de manera especial desde distintas partes del mundo\u00a0por la pandemia del\u00a0coronavirus.<\/p>\n<div id=\"axds-Intext\" class=\"axds\" style=\"text-align: justify;\"><\/div>\n<p id=\"m111-110-112\" class=\"paragraph \" style=\"text-align: justify;\">Calibre 50, Julio Reyes Copello, Alex Cuba, Guaynaa, V\u00edctor Manuelle y Raquel Sof\u00eda cierran las confirmaciones en\u00a0una lista donde tambi\u00e9n aparecen:<\/p>\n<ul style=\"text-align: justify;\">\n<li class=\"paragraph \">Bad Bunny.<\/li>\n<li class=\"paragraph \">Pedro Cap\u00f3.<\/li>\n<li class=\"paragraph \">Alejandro Fern\u00e1ndez.<\/li>\n<li class=\"paragraph \">Karol G.<\/li>\n<li class=\"paragraph \">Kany Garc\u00eda.<\/li>\n<li id=\"m116-115-117\" class=\"paragraph \">Los Tigres del Norte.<\/li>\n<li class=\"paragraph \">Christian Nodal.<\/li>\n<li class=\"paragraph \">Fito P\u00e1ez.<\/li>\n<li class=\"paragraph \">Marc Anthony.<\/li>\n<li class=\"paragraph \">Nathy Peluso<\/li>\n<\/ul>\n<p class=\"paragraph \" style=\"text-align: justify;\">Completan las apariciones musicales de\u00a0la gala del:<\/p>\n<p class=\"paragraph \" style=\"text-align: justify;\">-19 de noviembre, cuyo lema ser\u00e1 &#8216;la m\u00fasica nos humaniza&#8217;.<\/p>\n<p id=\"m121-120-122\" class=\"paragraph \" style=\"text-align: justify;\">Roselyn S\u00e1nchez iba a ser uno de los presentadores de la ceremonia junto a Carlos Rivera\u00a0que desde Miami, conectar\u00e1 con ciudades de todo el mundo para contactar con los premiados y retransmitir las actuaciones musicales. Sin embargo,\u00a0una lesi\u00f3n de la puertorrique\u00f1a ha hecho que finalmente esta no pueda conducir la galade premios. La organizaci\u00f3n daba la noticia el pasado martes a trav\u00e9s de un mensaje en\u00a0Twitter\u00a0en el que se alude a que pronto tendr\u00e1n actualizaciones sobre el equipo de conducci\u00f3n.<\/p>\n<h5 id=\"m131-130-132\" style=\"text-align: justify;\">J Balvin , Bad Bunny y Ozuna dominan las nominaciones al Latin Grammy<\/h5>\n<p id=\"m136-135-137\" class=\"paragraph \" style=\"text-align: justify;\">As\u00ed que el colombiano\u00a0J Balvin\u00a0parte como favorito a los Latin Grammy de 2020 al competir en 13 categor\u00edas\u00a0por el disco\u00a0<em>Colores<\/em>, adem\u00e1s de por\u00a0<em>Oasis<\/em>, su producci\u00f3n conjunta con\u00a0Bad Bunny, quien le sigue en candidaturas con un total de\u00a0nueve menciones\u00a0y actuar\u00e1 en la gala.<\/p>\n<ul style=\"text-align: justify;\">\n<li id=\"m141-140-142\" class=\"paragraph \">Ozuna, con ocho.<\/li>\n<li class=\"paragraph \">Anuel AA, con siete.<\/li>\n<li class=\"paragraph \">Camilo y Carlos Vives, con seis cada uno.<\/li>\n<li class=\"paragraph \">Kany Garc\u00eda, con cinco<\/li>\n<li class=\"paragraph \">Rosal\u00eda, Karol G, Residente, Sky y Tainy, con cuatro por cabeza.<\/li>\n<\/ul>\n<p class=\"paragraph \" style=\"text-align: justify;\">Completan el\u00a0listado de artistas con m\u00e1s opciones para llevarse el gram\u00f3fono\u00a0dorado.<\/p>\n<p id=\"m146-145-147\" class=\"paragraph \" style=\"text-align: justify;\">Adem\u00e1s tras la pol\u00e9mica suscitada el a\u00f1o anterior por su poca participaci\u00f3n,\u00a0el reguet\u00f3n ocupa este a\u00f1o lo m\u00e1s alto de las nominaciones a los Latin Grammy, que inaugurar\u00e1n tres categor\u00edas:<\/p>\n<ul style=\"text-align: justify;\">\n<li class=\"paragraph \">Canci\u00f3n pop\/rock,<\/li>\n<li class=\"paragraph \">Mejor interpretaci\u00f3n de reguet\u00f3n.<\/li>\n<li class=\"paragraph \">Canci\u00f3n de rap\/hip-hop.<\/li>\n<\/ul>\n<p id=\"m151-150-152\" class=\"paragraph \" style=\"text-align: justify;\">Entre el resto de actuaciones\u00a0destaca el regreso de:<\/p>\n<p class=\"paragraph \" style=\"text-align: justify;\">-Alejandro Fern\u00e1ndez a la ceremonia, tras protagonizar una emotiva reuni\u00f3n con su padre e hijo en la pasada edici\u00f3n.<\/p>\n<p id=\"m156-155-157\" class=\"paragraph \" style=\"text-align: justify;\">Finalmente por su parte:<\/p>\n<p class=\"paragraph \" style=\"text-align: justify;\">Nathy Peluso ocupar\u00e1 el lugar de las nuevas promesas\u00a0al debutar con su primera actuaci\u00f3n internacional el mismo a\u00f1o que\u00a0aspira a ganar en la categor\u00eda de mejor nuevo artista.<\/p>\n<p class=\"paragraph \" style=\"text-align: justify;\">\n","protected":false},"excerpt":{"rendered":"<p>El m\u00fasico espa\u00f1ol\u00a0Jos\u00e9 Luis Perales\u00a0actuar\u00e1 y presentar\u00e1 en la pr\u00f3xima edici\u00f3n de los\u00a0Latin Grammy, informaron hoy a EFE fuentes de la Academia Latina de la Grabaci\u00f3n. Perales,\u00a0nominado en la categor\u00eda de mejor \u00e1lbum vocal pop por su disco: \u00a0-Mir\u00e1ndote a los ojos. interpretar\u00e1 dos de sus cl\u00e1sicos: Y c\u00f3mo es \u00e9l. Te quiero. Desde la [&hellip;]<\/p>\n","protected":false},"author":1,"featured_media":4387,"comment_status":"open","ping_status":"open","sticky":false,"template":"","format":"standard","meta":{"footnotes":""},"categories":[121],"tags":[1003,1403,1689,1863,2767,2768,2771,2914,3211,3524,3744,3969,4298,5141,5670,5924,5991,6080,6332,6568,7027,7712,7720,16,7907],"class_list":["post-4382","post","type-post","status-publish","format-standard","has-post-thumbnail","category-noticias-musicales","tag-baladas","tag-cantante","tag-clasico","tag-conduccion","tag-espana","tag-espanol","tag-especial","tag-exito","tag-gala","tag-hit","tag-instagram","tag-jose-luis-perales","tag-latin-grammy","tag-musica","tag-participacion","tag-premiacion","tag-presentacion","tag-programa","tag-redes-sociales","tag-romantico","tag-stars-world-production","tag-video","tag-videoclip","tag-viral","tag-youtube"],"_links":{"self":[{"href":"https:\/\/starsworldproduction.com\/web\/wp-json\/wp\/v2\/posts\/4382","targetHints":{"allow":["GET"]}}],"collection":[{"href":"https:\/\/starsworldproduction.com\/web\/wp-json\/wp\/v2\/posts"}],"about":[{"href":"https:\/\/starsworldproduction.com\/web\/wp-json\/wp\/v2\/types\/post"}],"author":[{"embeddable":true,"href":"https:\/\/starsworldproduction.com\/web\/wp-json\/wp\/v2\/users\/1"}],"replies":[{"embeddable":true,"href":"https:\/\/starsworldproduction.com\/web\/wp-json\/wp\/v2\/comments?post=4382"}],"version-history":[{"count":0,"href":"https:\/\/starsworldproduction.com\/web\/wp-json\/wp\/v2\/posts\/4382\/revisions"}],"wp:featuredmedia":[{"embeddable":true,"href":"https:\/\/starsworldproduction.com\/web\/wp-json\/wp\/v2\/media\/4387"}],"wp:attachment":[{"href":"https:\/\/starsworldproduction.com\/web\/wp-json\/wp\/v2\/media?parent=4382"}],"wp:term":[{"taxonomy":"category","embeddable":true,"href":"https:\/\/starsworldproduction.com\/web\/wp-json\/wp\/v2\/categories?post=4382"},{"taxonomy":"post_tag","embeddable":true,"href":"https:\/\/starsworldproduction.com\/web\/wp-json\/wp\/v2\/tags?post=4382"}],"curies":[{"name":"wp","href":"https:\/\/api.w.org\/{rel}","templated":true}]}}