{"id":4507,"date":"2020-12-10T14:00:11","date_gmt":"2020-12-10T14:00:11","guid":{"rendered":"https:\/\/www.starsworldproduction.com\/?p=4507"},"modified":"2020-12-10T14:00:11","modified_gmt":"2020-12-10T14:00:11","slug":"vicente-fernandez-celebra-trayectoria-especial-disco-mis-80%e2%80%b2s","status":"publish","type":"post","link":"https:\/\/starsworldproduction.com\/web\/2020\/12\/10\/vicente-fernandez-celebra-trayectoria-especial-disco-mis-80%e2%80%b2s\/","title":{"rendered":"Vicente Fern\u00e1ndez celebra su trayectoria con especial disco \u201cA mis 80\u2032s\u201d"},"content":{"rendered":"<p class=\"story-contents__font-paragraph \" style=\"text-align: justify;\">El cantante mexicano\u00a0Vicente Fern\u00e1ndez\u00a0sac\u00f3 a la luz su nuevo material discogr\u00e1fico, \u201cA mis 80\u2032s\u201d, un \u00e1lbum con el que adem\u00e1s de celebrar la vida demuestra su vigencia y capacidad vocal pese al paso de los a\u00f1os.<\/p>\n<h5 class=\"story-contents__font-paragraph \" style=\"text-align: justify;\"><strong>Son 13 temas de grandes compositores mexicanos como:<\/strong><\/h5>\n<ul style=\"text-align: justify;\">\n<li class=\"story-contents__font-paragraph \">Roberto Cantoral.<\/li>\n<li class=\"story-contents__font-paragraph \">Juan Gabriel.<\/li>\n<li class=\"story-contents__font-paragraph \">\u00c1lvaro Carrillo.<\/li>\n<li class=\"story-contents__font-paragraph \">Agust\u00edn Lara.<\/li>\n<\/ul>\n<p class=\"story-contents__font-paragraph \" style=\"text-align: justify;\">Los que componen el nuevo material del m\u00e1ximo representante del mariachi y de la m\u00fasica ranchera.<\/p>\n<div id=\"gpt_inline\" style=\"text-align: justify;\" data-ads-name=\"\/28253241\/elcomercio\/web\/post\/luces\/inline\" data-ads-dimensions=\"[[1,1]]\" data-bloque=\"3\" data-ads-dimensions-m=\"[[1,1]]\" data-google-query-id=\"CIG6svXSwe0CFR4zuQYd2fUHlg\"><\/div>\n<p class=\"story-contents__font-paragraph \" style=\"text-align: justify;\">Este 2020, Fern\u00e1ndez, el llamado Charro de Huentit\u00e1n, cumpli\u00f3 80 a\u00f1os y este disco es resultado de esa gran celebraci\u00f3n que se une a 55 a\u00f1os de una impecable trayectoria art\u00edstica.<\/p>\n<h5 class=\"story-contents__font-paragraph \" style=\"text-align: justify;\"><strong>\u201cA mis 80\u2032s\u201d fue realizado junto al productor cercano a la familia Fern\u00e1ndez, Francisco Javier Ram\u00edrez L\u00f3pez y contiene grandes \u00e9xitos de la m\u00fasica popular mexicana tales como:<\/strong><\/h5>\n<ul style=\"text-align: justify;\">\n<li class=\"story-contents__font-paragraph \">\u201cJanitzio\u201d, de Lara.<\/li>\n<li class=\"story-contents__font-paragraph \">\u201cLa Barca\u201d, de Cantoral.<\/li>\n<li class=\"story-contents__font-paragraph \">\u201cSe me olvid\u00f3 otra vez\u201d, de Juan Gabriel.<\/li>\n<\/ul>\n<p class=\"story-contents__font-paragraph \" style=\"text-align: justify;\">Adem\u00e1s, cuenta con el tema \u201cA mi nieto\u201d, un poema realizado por Fern\u00e1ndez en honor a todos sus nietos, de los cuales algunos han seguido sus pasos.<\/p>\n<h4 class=\"story-contents__font-paragraph \" style=\"text-align: justify;\"><strong>As\u00ed que escucha el tema completo aqu\u00ed:<\/strong><\/h4>\n<p><iframe loading=\"lazy\" src=\"https:\/\/www.youtube.com\/embed\/yfRrMR8G6cI\" width=\"560\" height=\"315\" frameborder=\"0\" allowfullscreen=\"allowfullscreen\"><\/iframe><\/p>\n<p class=\"story-contents__font-paragraph \" style=\"text-align: justify;\">Tal es el caso de Alex Fern\u00e1ndez, quien busca continuar la dinast\u00eda en el \u00e1mbito del mariachi, mientras que su otra nieta:<\/p>\n<p class=\"story-contents__font-paragraph \" style=\"text-align: justify;\">-Camila Fern\u00e1ndez, ha explorado otros g\u00e9neros como el pop y el \u201crhythm and blues\u201d.<\/p>\n<h5 class=\"story-contents__font-paragraph \" style=\"text-align: justify;\">Tambi\u00e9n, el disco celebra el talento de su hija Alejandra con la portada que es una obra pict\u00f3rica realizada por ella y que lleva por t\u00edtulo:<\/h5>\n<p class=\"story-contents__font-paragraph \" style=\"text-align: justify;\">-\u201cA mi padre\u201d.<\/p>\n<p class=\"story-contents__font-paragraph \" style=\"text-align: justify;\">Vicente Fern\u00e1ndez anunci\u00f3 su retiro de los escenarios en 2016 pero eso no ha impedido que siga grabando canciones y realizando presentaciones especiales con sus hijos y nietos, quienes han seguido sus pasos en la m\u00fasica popular mexicana.<\/p>\n<p class=\"story-contents__font-paragraph \" style=\"text-align: justify;\">En estos a\u00f1os el int\u00e9rprete se ha dedicado a su esposa, Cuquita; sus hijos Vicente, Gerardo, Alejandro y Alejandra, y a sus 11 nietos, adem\u00e1s de trabajar en las labores de crianza de animales en su rancho.<\/p>\n<p class=\"story-contents__font-paragraph \" style=\"text-align: justify;\">Nacido el 17 de febrero de 1940 en Huentit\u00e1n el Alto, perteneciente al municipio de Guadalajara, en el estado de Jalisco, Fern\u00e1ndez es hijo de padre ranchero y madre ama de casa.<\/p>\n<p class=\"story-contents__font-paragraph \" style=\"text-align: justify;\">Seg\u00fan los mitos, de Vicente se dice que tiene en su haber:<\/p>\n<p class=\"story-contents__font-paragraph \" style=\"text-align: justify;\">-M\u00e1s de 100 \u00e1lbumes.<\/p>\n<p class=\"story-contents__font-paragraph \" style=\"text-align: justify;\">Sin duda es considerado el cuarto \u201cgallo\u201d entre los \u00eddolos hist\u00f3ricos del g\u00e9nero de la m\u00fasica ranchera en M\u00e9xico.<\/p>\n<p class=\"story-contents__font-paragraph \" style=\"text-align: justify;\">Como las leyendas\u00a0mexicanas:<\/p>\n<ul style=\"text-align: justify;\">\n<li class=\"story-contents__font-paragraph \">Pedro Infante.<\/li>\n<li class=\"story-contents__font-paragraph \">Jorge Negrete.<\/li>\n<li class=\"story-contents__font-paragraph \">Javier Sol\u00eds.<\/li>\n<\/ul>\n<h5 class=\"story-contents__font-paragraph \" style=\"text-align: justify;\"><strong>En sus a\u00f1os en activo, Fern\u00e1ndez recibi\u00f3 todo tipo de galardones y reconocimientos, entre ellos:<\/strong><\/h5>\n<ul style=\"text-align: justify;\">\n<li class=\"story-contents__font-paragraph \">Grammys.<\/li>\n<li class=\"story-contents__font-paragraph \">Premios Lo Nuestro.<\/li>\n<\/ul>\n<p style=\"text-align: justify;\">Regularmente encabeza los listados de la:<\/p>\n<p style=\"text-align: justify;\">-Revista Billboard y ha vendido m\u00e1s de 75 millones de discos en toda su carrera, que inici\u00f3 en 1964.<\/p>\n<p class=\"story-contents__font-paragraph \">\n<p class=\"story-contents__font-paragraph \">\n<p class=\"story-contents__font-paragraph \">\n<p class=\"story-contents__font-paragraph \">\n","protected":false},"excerpt":{"rendered":"<p>El cantante mexicano\u00a0Vicente Fern\u00e1ndez\u00a0sac\u00f3 a la luz su nuevo material discogr\u00e1fico, \u201cA mis 80\u2032s\u201d, un \u00e1lbum con el que adem\u00e1s de celebrar la vida demuestra su vigencia y capacidad vocal pese al paso de los a\u00f1os. Son 13 temas de grandes compositores mexicanos como: Roberto Cantoral. Juan Gabriel. \u00c1lvaro Carrillo. Agust\u00edn Lara. Los que componen [&hellip;]<\/p>\n","protected":false},"author":1,"featured_media":4508,"comment_status":"open","ping_status":"open","sticky":false,"template":"","format":"standard","meta":{"footnotes":""},"categories":[1],"tags":[379,533,1373,1403,1544,2771,2846,2914,2992,3524,3744,4256,4261,4263,4928,4930,5141,5246,5252,5396,5399,5421,5423,5444,6332,6749,6914,6999,7204,7438,7688,7712,7720,16,7907],"class_list":["post-4507","post","type-post","status-publish","format-standard","has-post-thumbnail","category-uncategorized","tag-a-mis-80s","tag-album","tag-cancion","tag-cantante","tag-celebra","tag-especial","tag-estrenar","tag-exito","tag-fans","tag-hit","tag-instagram","tag-lanza","tag-lanzan","tag-lanzar","tag-mexicano","tag-mexico","tag-musica","tag-new","tag-new-single","tag-nueva","tag-nueva-cancion","tag-nuevo","tag-nuevo-album","tag-nuevo-tema","tag-redes-sociales","tag-seguidores","tag-single","tag-sorpresa","tag-tema","tag-trayectoria","tag-vicente-fernandez","tag-video","tag-videoclip","tag-viral","tag-youtube"],"_links":{"self":[{"href":"https:\/\/starsworldproduction.com\/web\/wp-json\/wp\/v2\/posts\/4507","targetHints":{"allow":["GET"]}}],"collection":[{"href":"https:\/\/starsworldproduction.com\/web\/wp-json\/wp\/v2\/posts"}],"about":[{"href":"https:\/\/starsworldproduction.com\/web\/wp-json\/wp\/v2\/types\/post"}],"author":[{"embeddable":true,"href":"https:\/\/starsworldproduction.com\/web\/wp-json\/wp\/v2\/users\/1"}],"replies":[{"embeddable":true,"href":"https:\/\/starsworldproduction.com\/web\/wp-json\/wp\/v2\/comments?post=4507"}],"version-history":[{"count":0,"href":"https:\/\/starsworldproduction.com\/web\/wp-json\/wp\/v2\/posts\/4507\/revisions"}],"wp:featuredmedia":[{"embeddable":true,"href":"https:\/\/starsworldproduction.com\/web\/wp-json\/wp\/v2\/media\/4508"}],"wp:attachment":[{"href":"https:\/\/starsworldproduction.com\/web\/wp-json\/wp\/v2\/media?parent=4507"}],"wp:term":[{"taxonomy":"category","embeddable":true,"href":"https:\/\/starsworldproduction.com\/web\/wp-json\/wp\/v2\/categories?post=4507"},{"taxonomy":"post_tag","embeddable":true,"href":"https:\/\/starsworldproduction.com\/web\/wp-json\/wp\/v2\/tags?post=4507"}],"curies":[{"name":"wp","href":"https:\/\/api.w.org\/{rel}","templated":true}]}}