{"id":4604,"date":"2021-01-11T13:55:34","date_gmt":"2021-01-11T13:55:34","guid":{"rendered":"https:\/\/www.starsworldproduction.com\/?p=4604"},"modified":"2021-01-11T13:55:34","modified_gmt":"2021-01-11T13:55:34","slug":"manuel-turizo-inicia-este-2021-gran-colaboracion","status":"publish","type":"post","link":"https:\/\/starsworldproduction.com\/web\/2021\/01\/11\/manuel-turizo-inicia-este-2021-gran-colaboracion\/","title":{"rendered":"Manuel Turizo inicia este 2021 con gran colaboraci\u00f3n"},"content":{"rendered":"<p class=\"story-contents__font-paragraph \" style=\"text-align: justify;\">El d\u00fao puertorrique\u00f1o de reguet\u00f3n Wisin y Yandel, y el cantante colombiano\u00a0Manuel Turizo\u00a0se unieron para lanzar este viernes el sencillo \u201cMala costumbre\u201d, y cuyo v\u00eddeo musical resalta \u201cbelleza, lujo, sensualidad\u201d, seg\u00fan se inform\u00f3 en un comunicado de prensa.<\/p>\n<p class=\"story-contents__font-paragraph \" style=\"text-align: justify;\">De la mano de la casa disquera La Industria INC\/Sony Music Latin, la producci\u00f3n de Tainy, Lennin Palacios, Ily Wonder, Keytin y Jota Rosa, el tema \u201ctrae a la vida una historia muy com\u00fan en las relaciones de pareja, en la que una de las partes se encuentra emocionalmente manipulada por la otra\u201d, se destac\u00f3 en el comunicado.<\/p>\n<p class=\"story-contents__font-paragraph \" style=\"text-align: justify;\">\u201cMala Costumbre\u201d se estrena conjuntamente con su video oficial, dirigido por Gustavo Camacho y producida por Andrea Rodr\u00edguez, que transportar\u00e1 a los seguidores de estos artistas a la lujosa ciudad de Dubai.<\/p>\n<p class=\"story-contents__font-paragraph \" style=\"text-align: justify;\">El video musical de \u201cMala Costumbre\u201d \u201cest\u00e1 lleno de belleza, lujo, sensualidad y efectos especiales\u201d que, por momentos, convierten a Turizo y Wisin y Yandel en hologramas que parecen sacados de una consola de videojuegos, abund\u00f3 el comunicado de prensa.<\/p>\n<h4 class=\"story-contents__font-paragraph \" style=\"text-align: justify;\"><strong>As\u00ed que escucha el tema completo aqu\u00ed:<\/strong><\/h4>\n<p><iframe loading=\"lazy\" src=\"https:\/\/www.youtube.com\/embed\/nVrlZh_pqFk\" width=\"560\" height=\"315\" frameborder=\"0\" allowfullscreen=\"allowfullscreen\"><\/iframe><\/p>\n<p class=\"story-contents__font-paragraph \" style=\"text-align: justify;\">Esta colaboraci\u00f3n musical es la antesala perfecta a lo que Turizo tiene preparado para sus seguidores en este 2021, mientras que Wisin tambi\u00e9n se prepara para lanzar pr\u00f3ximamente su nueva producci\u00f3n:<\/p>\n<p class=\"story-contents__font-paragraph \" style=\"text-align: justify;\">-\u201cLos Legendarios\u201d, que incluir\u00e1 entre sus invitados a Ozuna, Luis Fonsi, Yandel, Don Omar, Nicky Jam y Jhay Cortez<\/p>\n<p class=\"story-contents__font-paragraph \" style=\"text-align: justify;\">Y adem\u00e1s de estos artistas invitados, tambi\u00e9n participar\u00e1n en el disco los puertorrique\u00f1os:<\/p>\n<p class=\"story-contents__font-paragraph \" style=\"text-align: justify;\">-Yandel, Zion, \u00d1engo Flow, Franco \u201cEl Gorila\u201d, Miky Woodz, Tempo, Tito \u201cEl Bambino\u201d, Rauw Alejandro, Dalex, Kevvo y Lunay, el colombiano Carlos Vives y el paname\u00f1o Sech.<\/p>\n<p class=\"story-contents__font-paragraph \" style=\"text-align: justify;\">Adem\u00e1s de estos ya reconocidos artistas, el disco \u201cLos Legendarios\u201d tendr\u00e1 a los talentos nuevos firmados por La Base Music, el puertorrique\u00f1o Chris Andrew y el cubano Abdiel.<\/p>\n<p class=\"story-contents__font-paragraph \" style=\"text-align: justify;\">El primero participa en siete temas, y el segundo, en cinco. El \u00e1lbum arrancar\u00e1 con el sencillo:<\/p>\n<p class=\"story-contents__font-paragraph \" style=\"text-align: justify;\">-\u201cLos Legendarios\u201d.<\/p>\n<p class=\"story-contents__font-paragraph \" style=\"text-align: justify;\">En el que participan:<\/p>\n<ul style=\"text-align: justify;\">\n<li class=\"story-contents__font-paragraph \">Yandel.<\/li>\n<li class=\"story-contents__font-paragraph \">Don Omar.<\/li>\n<li class=\"story-contents__font-paragraph \">Tito \u201cEl Bambino\u201d.<\/li>\n<li class=\"story-contents__font-paragraph \">Zion.<\/li>\n<li class=\"story-contents__font-paragraph \">Myke Towers.<\/li>\n<li class=\"story-contents__font-paragraph \">Tempo.<\/li>\n<li class=\"story-contents__font-paragraph \">\u00d1engo Flow.<\/li>\n<li class=\"story-contents__font-paragraph \">Wisin.<\/li>\n<\/ul>\n<p class=\"story-contents__font-paragraph \" style=\"text-align: justify;\">\u201cEs un tema que representa la calle, pero m\u00e1s bien un reencuentro de gente legendaria. Le dimos el color del reguet\u00f3n que no queremos que muera\u201d,\u00a0detall\u00f3 Wisin en una entrevista pasada con Efe.<\/p>\n<p class=\"story-contents__font-paragraph \" style=\"text-align: justify;\">\n","protected":false},"excerpt":{"rendered":"<p>El d\u00fao puertorrique\u00f1o de reguet\u00f3n Wisin y Yandel, y el cantante colombiano\u00a0Manuel Turizo\u00a0se unieron para lanzar este viernes el sencillo \u201cMala costumbre\u201d, y cuyo v\u00eddeo musical resalta \u201cbelleza, lujo, sensualidad\u201d, seg\u00fan se inform\u00f3 en un comunicado de prensa. De la mano de la casa disquera La Industria INC\/Sony Music Latin, la producci\u00f3n de Tainy, Lennin [&hellip;]<\/p>\n","protected":false},"author":1,"featured_media":4605,"comment_status":"open","ping_status":"open","sticky":false,"template":"","format":"standard","meta":{"footnotes":""},"categories":[121],"tags":[281,856,1373,1403,1420,1733,1769,1771,2846,2914,3524,3727,3744,4113,4256,4261,4263,4318,4331,4640,4684,5141,5246,5252,5396,5399,5421,5444,6159,6162,6163,6332,6914,7204,7566,7712,7720,16,7830,7907],"class_list":["post-4604","post","type-post","status-publish","format-standard","has-post-thumbnail","category-noticias-musicales","tag-281","tag-artistas","tag-cancion","tag-cantante","tag-cantantes","tag-colaboracion","tag-colombiana","tag-colombiano","tag-estrenar","tag-exito","tag-hit","tag-inicio","tag-instagram","tag-kira","tag-lanza","tag-lanzan","tag-lanzar","tag-latina","tag-latinos","tag-mala-costumbre","tag-manuel-turizo","tag-musica","tag-new","tag-new-single","tag-nueva","tag-nueva-cancion","tag-nuevo","tag-nuevo-tema","tag-puerto-rico","tag-puertorriqueno","tag-puertorriquenos","tag-redes-sociales","tag-single","tag-tema","tag-union","tag-video","tag-videoclip","tag-viral","tag-wisin-y-yandel","tag-youtube"],"_links":{"self":[{"href":"https:\/\/starsworldproduction.com\/web\/wp-json\/wp\/v2\/posts\/4604","targetHints":{"allow":["GET"]}}],"collection":[{"href":"https:\/\/starsworldproduction.com\/web\/wp-json\/wp\/v2\/posts"}],"about":[{"href":"https:\/\/starsworldproduction.com\/web\/wp-json\/wp\/v2\/types\/post"}],"author":[{"embeddable":true,"href":"https:\/\/starsworldproduction.com\/web\/wp-json\/wp\/v2\/users\/1"}],"replies":[{"embeddable":true,"href":"https:\/\/starsworldproduction.com\/web\/wp-json\/wp\/v2\/comments?post=4604"}],"version-history":[{"count":0,"href":"https:\/\/starsworldproduction.com\/web\/wp-json\/wp\/v2\/posts\/4604\/revisions"}],"wp:featuredmedia":[{"embeddable":true,"href":"https:\/\/starsworldproduction.com\/web\/wp-json\/wp\/v2\/media\/4605"}],"wp:attachment":[{"href":"https:\/\/starsworldproduction.com\/web\/wp-json\/wp\/v2\/media?parent=4604"}],"wp:term":[{"taxonomy":"category","embeddable":true,"href":"https:\/\/starsworldproduction.com\/web\/wp-json\/wp\/v2\/categories?post=4604"},{"taxonomy":"post_tag","embeddable":true,"href":"https:\/\/starsworldproduction.com\/web\/wp-json\/wp\/v2\/tags?post=4604"}],"curies":[{"name":"wp","href":"https:\/\/api.w.org\/{rel}","templated":true}]}}