{"id":4614,"date":"2021-06-09T20:40:47","date_gmt":"2021-06-09T20:40:47","guid":{"rendered":"https:\/\/www.starsworldproduction.com\/?p=4614"},"modified":"2021-06-09T20:40:47","modified_gmt":"2021-06-09T20:40:47","slug":"danna-paola-alex-hoyer-romantico-ibiza","status":"publish","type":"post","link":"https:\/\/starsworldproduction.com\/web\/2021\/06\/09\/danna-paola-alex-hoyer-romantico-ibiza\/","title":{"rendered":"LAS FOTOS M\u00c1S ROM\u00c1NTICAS DE DANNA PAOLA Y ALEX HOYER DURANTE SU VISITA A UNA ISLA ESPA\u00d1OLA"},"content":{"rendered":"<p class=\"story-contents__font-paragraph \" style=\"text-align: justify;\"><strong>Danna Paola y Alex Hoyer m\u00e1s cari\u00f1osos que nunca en altamar<\/strong><\/p>\n<p>&nbsp;<\/p>\n<p class=\"story-contents__font-paragraph \" style=\"text-align: justify;\">La artista mexicana <a href=\"https:\/\/es.wikipedia.org\/wiki\/Danna_Paola\" rel=\"noopener\" target=\"_blank\">Danna Paola<\/a>, a pesar de ser un referente para millones de adolescentes, ha sido siempre muy discreta acerca de su vida personal. Pues bien, <strong>la joven actriz y cantante ha estado disfrutando de unas mini vacaciones en las id\u00edlicas playas de Ibiza ( Espa\u00f1a) donde le hemos podido ver feliz y enamorada junto al artista Alex Hoyer<\/strong>. La pareja ha disfrutado del mar durante un paseo en yate junto a un grupo de amigos. En este paseo es donde hemos podido ver a la pareja de la manera m\u00e1s cari\u00f1osa, no obstante, Danna sigue afirmando que \u00fanicamente son amigos.<\/p>\n<p><img loading=\"lazy\" loading=\"lazy\" decoding=\"async\" src=\"https:\/\/www.starsworldproduction.com\/wp-content\/uploads\/2021\/01\/danna2.png\" alt=\"danna2\" width=\"797\" height=\"479\" class=\"aligncenter size-full wp-image-4705\" \/><\/p>\n<p class=\"story-contents__font-paragraph \" style=\"text-align: justify;\">La pareja disfrut\u00f3 de un precioso d\u00eda de playa con un buen grupo de amigos. Danna est\u00e1 pasando gran parte de su tiempo en Espa\u00f1a ya que forma parte del jurado de un programa de talentos, <strong>Talent Top Stars<\/strong>, y adem\u00e1s, est\u00e1 en plena promoci\u00f3n de su disco  <strong>K.O Knock out<\/strong>. Danna est\u00e1 en una de sus mejores etapas a nivel profesional y a nivel personal. Adem\u00e1s, recientemente ha sacado un hit mundial de la mano de <strong>Morat<\/strong> que se llama \u201c<strong>Idiota<\/strong>\u201d.<\/p>\n<p><img loading=\"lazy\" loading=\"lazy\" decoding=\"async\" src=\"https:\/\/www.starsworldproduction.com\/wp-content\/uploads\/2021\/01\/danna3.png\" alt=\"danna3\" width=\"799\" height=\"480\" class=\"aligncenter size-full wp-image-4706\" \/>\t\t<\/p>\n<p class=\"story-contents__font-paragraph \" style=\"text-align: justify;\">Alex Hoyer es un artista mexicano que surgi\u00f3 en el a\u00f1o 2014 gracias al programa de televisi\u00f3n, <em>La Voz<\/em>. Tras su paso por el programa, el joven ha sacado varios \u00e9xitos que le est\u00e1n llevando poco a poco a alcanzar el \u00e9xito.<\/p>\n<p><img loading=\"lazy\" loading=\"lazy\" decoding=\"async\" src=\"https:\/\/www.starsworldproduction.com\/wp-content\/uploads\/2021\/01\/danna4.png\" alt=\"danna4\" width=\"803\" height=\"482\" class=\"aligncenter size-full wp-image-4707\" \/><\/p>\n<p class=\"story-contents__font-paragraph \" style=\"text-align: justify;\">Por su parte, Danna lleva desde muy peque\u00f1a en la industria cinematogr\u00e1fica, alcanzando su mayor \u00e9xito en la serie de Netflix <em>\u00c9LITE<\/em>, decidi\u00f3 abandonar por un tiempo la industria del cine para desarrollar una exitosa carrera musical, la cual va viento en popa debido a su impresionante voz angelical.<\/p>\n<p>Fuente: <a href=\"https:\/\/us.hola.com\/es\/celebrities\/20210608fzcvtwj0eo\/danna-paola-alex-hoyer-romantico-ibiza\">Hola.com<\/a><\/p>\n","protected":false},"excerpt":{"rendered":"<p>Danna Paola y Alex Hoyer m\u00e1s cari\u00f1osos que nunca en altamar &nbsp; La artista mexicana Danna Paola, a pesar de ser un referente para millones de adolescentes, ha sido siempre muy discreta acerca de su vida personal. Pues bien, la joven actriz y cantante ha estado disfrutando de unas mini vacaciones en las id\u00edlicas playas [&hellip;]<\/p>\n","protected":false},"author":1,"featured_media":4700,"comment_status":"open","ping_status":"open","sticky":false,"template":"","format":"standard","meta":{"footnotes":""},"categories":[121],"tags":[578,1373,2096,2467,3604,3744,4058,4222,4256,4261,5141,5246,5396,6332,7121,7457,7712,7720,16,7907],"class_list":["post-4614","post","type-post","status-publish","format-standard","has-post-thumbnail","category-noticias-musicales","tag-alex-hoyer","tag-cancion","tag-danna-paola","tag-ee-uu","tag-ibiza","tag-instagram","tag-k-o-knock-out","tag-la-voz","tag-lanza","tag-lanzan","tag-musica","tag-new","tag-nueva","tag-redes-sociales","tag-talent-top-stars","tag-triller","tag-video","tag-videoclip","tag-viral","tag-youtube"],"_links":{"self":[{"href":"https:\/\/starsworldproduction.com\/web\/wp-json\/wp\/v2\/posts\/4614","targetHints":{"allow":["GET"]}}],"collection":[{"href":"https:\/\/starsworldproduction.com\/web\/wp-json\/wp\/v2\/posts"}],"about":[{"href":"https:\/\/starsworldproduction.com\/web\/wp-json\/wp\/v2\/types\/post"}],"author":[{"embeddable":true,"href":"https:\/\/starsworldproduction.com\/web\/wp-json\/wp\/v2\/users\/1"}],"replies":[{"embeddable":true,"href":"https:\/\/starsworldproduction.com\/web\/wp-json\/wp\/v2\/comments?post=4614"}],"version-history":[{"count":0,"href":"https:\/\/starsworldproduction.com\/web\/wp-json\/wp\/v2\/posts\/4614\/revisions"}],"wp:featuredmedia":[{"embeddable":true,"href":"https:\/\/starsworldproduction.com\/web\/wp-json\/wp\/v2\/media\/4700"}],"wp:attachment":[{"href":"https:\/\/starsworldproduction.com\/web\/wp-json\/wp\/v2\/media?parent=4614"}],"wp:term":[{"taxonomy":"category","embeddable":true,"href":"https:\/\/starsworldproduction.com\/web\/wp-json\/wp\/v2\/categories?post=4614"},{"taxonomy":"post_tag","embeddable":true,"href":"https:\/\/starsworldproduction.com\/web\/wp-json\/wp\/v2\/tags?post=4614"}],"curies":[{"name":"wp","href":"https:\/\/api.w.org\/{rel}","templated":true}]}}