{"id":4946,"date":"2021-08-04T00:34:21","date_gmt":"2021-08-04T00:34:21","guid":{"rendered":"https:\/\/www.starsworldproduction.com\/?p=4946"},"modified":"2021-08-04T00:34:21","modified_gmt":"2021-08-04T00:34:21","slug":"bad-bunny-colabora-nuevo-tema-grupo-aventura","status":"publish","type":"post","link":"https:\/\/starsworldproduction.com\/web\/2021\/08\/04\/bad-bunny-colabora-nuevo-tema-grupo-aventura\/","title":{"rendered":"Bad Bunny colabora en un nuevo tema con el grupo Aventura"},"content":{"rendered":"<p>&nbsp;<\/p>\n<p class=\"story-contents__font-paragraph \" style=\"text-align: justify;\"><strong>El grupo Aventura<\/strong>, que cre\u00f3 un nuevo estilo de bachata y la coloc\u00f3 en los primeros lugares de las listas de \u00e9xitos internacionales, y <strong>Bad Bunny<\/strong> colaboraron en un nuevo tema que ver\u00e1 la luz a la medianoche de este lunes.<\/p>\n<p class=\"story-contents__font-paragraph \" style=\"text-align: justify;\">As\u00ed lo revela en sus redes sociales el artista puertorrique\u00f1o, quien en una imagen en la que se leen \u00abAventura\u00bb y <strong>\u00abBad Bunny\u00bb<\/strong>, escribe: \u00abHoy a las doce de la medianoche se bebeee\u00bb, acompa\u00f1ado de la bandera de <strong>Puerto Rico y Rep\u00fablica Dominicana<\/strong>.<\/p>\n<p>&nbsp;<br \/>\n&nbsp;<br \/>\nFuente: <a href=\"https:\/\/www.efe.com\/efe\/america\/cultura\/bad-bunny-colabora-en-un-nuevo-tema-con-el-grupo-aventura\/20000009-4600576\">EFE.<\/a><\/p>\n","protected":false},"excerpt":{"rendered":"<p>&nbsp; El grupo Aventura, que cre\u00f3 un nuevo estilo de bachata y la coloc\u00f3 en los primeros lugares de las listas de \u00e9xitos internacionales, y Bad Bunny colaboraron en un nuevo tema que ver\u00e1 la luz a la medianoche de este lunes. As\u00ed lo revela en sus redes sociales el artista puertorrique\u00f1o, quien en una [&hellip;]<\/p>\n","protected":false},"author":1,"featured_media":4947,"comment_status":"open","ping_status":"open","sticky":false,"template":"","format":"standard","meta":{"footnotes":""},"categories":[121],"tags":[964,3389,5141,6159,6427],"class_list":["post-4946","post","type-post","status-publish","format-standard","has-post-thumbnail","category-noticias-musicales","tag-bad-bunny","tag-grupo-aventura","tag-musica","tag-puerto-rico","tag-republica-dominicana"],"_links":{"self":[{"href":"https:\/\/starsworldproduction.com\/web\/wp-json\/wp\/v2\/posts\/4946","targetHints":{"allow":["GET"]}}],"collection":[{"href":"https:\/\/starsworldproduction.com\/web\/wp-json\/wp\/v2\/posts"}],"about":[{"href":"https:\/\/starsworldproduction.com\/web\/wp-json\/wp\/v2\/types\/post"}],"author":[{"embeddable":true,"href":"https:\/\/starsworldproduction.com\/web\/wp-json\/wp\/v2\/users\/1"}],"replies":[{"embeddable":true,"href":"https:\/\/starsworldproduction.com\/web\/wp-json\/wp\/v2\/comments?post=4946"}],"version-history":[{"count":0,"href":"https:\/\/starsworldproduction.com\/web\/wp-json\/wp\/v2\/posts\/4946\/revisions"}],"wp:featuredmedia":[{"embeddable":true,"href":"https:\/\/starsworldproduction.com\/web\/wp-json\/wp\/v2\/media\/4947"}],"wp:attachment":[{"href":"https:\/\/starsworldproduction.com\/web\/wp-json\/wp\/v2\/media?parent=4946"}],"wp:term":[{"taxonomy":"category","embeddable":true,"href":"https:\/\/starsworldproduction.com\/web\/wp-json\/wp\/v2\/categories?post=4946"},{"taxonomy":"post_tag","embeddable":true,"href":"https:\/\/starsworldproduction.com\/web\/wp-json\/wp\/v2\/tags?post=4946"}],"curies":[{"name":"wp","href":"https:\/\/api.w.org\/{rel}","templated":true}]}}