{"id":4983,"date":"2021-08-13T21:28:32","date_gmt":"2021-08-13T21:28:32","guid":{"rendered":"https:\/\/www.starsworldproduction.com\/?p=4983"},"modified":"2021-08-13T21:28:32","modified_gmt":"2021-08-13T21:28:32","slug":"estado-vicente-fernandez-estable-familiares-siguen-rezando","status":"publish","type":"post","link":"https:\/\/starsworldproduction.com\/web\/2021\/08\/13\/estado-vicente-fernandez-estable-familiares-siguen-rezando\/","title":{"rendered":"El estado de Vicente Fern\u00e1ndez es estable, mientras sus familiares siguen rezando"},"content":{"rendered":"<p><em><strong>Su hijo Gerardo, quien es el m\u00e1s alejado de los reflectores, ha pedido a los medios que tomen con seriedad las informaciones que se proporcionen sobre su padre.<\/strong>(Agencia Reforma)<\/em><\/p>\n<p class=\"story-contents__font-paragraph \" style=\"text-align: justify;\">Los especialistas contin\u00faan evaluando la evoluci\u00f3n de Chente aunque su hijo ha declarado que trasladar a su padre a Houston \u2018podr\u00eda ser una opci\u00f3n\u2019<\/p>\n<p class=\"story-contents__font-paragraph \" style=\"text-align: justify;\"><strong>Vicente Fern\u00e1ndez Jr<\/strong>. confirm\u00f3 que trasladar al <strong>\u201cCharro de Huentit\u00e1n\u201d<\/strong> a Houston, Texas, podr\u00eda ser una opci\u00f3n, pero ser\u00e1n los m\u00e9dicos que lo est\u00e1n atendiendo quienes decidir\u00e1n qu\u00e9 es lo mejor para su padre.<\/p>\n<p class=\"story-contents__font-paragraph \" style=\"text-align: justify;\">Aunque no ahond\u00f3 en detalles, mencion\u00f3 que los especialistas siguen evaluando los avances de <strong>Vicente Fern\u00e1ndez<\/strong>, quien hasta ayer segu\u00eda en terapia intensiva, luego de que se le realizar\u00e1 una operaci\u00f3n por fractura de nuca y cuello, derivado de una ca\u00edda que sufri\u00f3 el viernes en su <strong>finca Los Tres Potrillos<\/strong>.<\/p>\n<p class=\"story-contents__font-paragraph \" style=\"text-align: justify;\">De acuerdo con <strong>Vicente Fern\u00e1ndez Jr<\/strong>., el hijo mayor del \u00edcono mexicano,\u00bbChente\u201d segu\u00eda semisedado y estable.<\/p>\n<p class=\"story-contents__font-paragraph \" style=\"text-align: justify;\">\u201cEl est\u00e1 semisedado y est\u00e1 con su tratamiento, est\u00e1 consciente. Los terapeutas dicen que va respondiendo bien\u201d, dijo al abandonar el nosocomio.<\/p>\n<p class=\"story-contents__font-paragraph \" style=\"text-align: justify;\">Reiter\u00f3 que la familia est\u00e1 yendo a visitar al int\u00e9rprete, pero por turnos, acatando las medidas sanitarias debido a la pandemia, adem\u00e1s de asegurar que se estar\u00eda compartiendo mediante redes sociales, reportes m\u00e9dicos sobre la salud del tambi\u00e9n actor, como se hizo el lunes, pero hasta el cierre de esta edici\u00f3n no hab\u00eda hubo informaci\u00f3n actualizada.<\/p>\n<p><img loading=\"lazy\" loading=\"lazy\" decoding=\"async\" src=\"https:\/\/www.starsworldproduction.com\/wp-content\/uploads\/2021\/08\/Hospital.png\" alt=\"Hospital\" width=\"838\" height=\"557\" class=\"aligncenter size-full wp-image-4989\" \/><\/p>\n<p class=\"story-contents__font-paragraph \" style=\"text-align: justify;\"><strong><em>El hospital Country 2000<\/strong> en el que se encuentra internado <strong>Chente <\/strong>ha sido visitado por sus hijos en todo momento, mientras la prensa aguarda por las \u00faltimas noticias sobre su estado.(Agencia Reforma)<\/em><\/p>\n<p class=\"story-contents__font-paragraph \" style=\"text-align: justify;\">Ya por la tarde de este martes, trascendi\u00f3 que se reunieron algunos familiares de Vicente Fern\u00e1ndez en Los Tres Potrillos, entre ellos se vio llegar a Alex Fern\u00e1ndez, hijo de <strong>\u201cEl Potrillo\u201d<\/strong>, pero no hubo declaraciones sobre la salud de Chente.<\/p>\n<p class=\"story-contents__font-paragraph \" style=\"text-align: justify;\"><a href=\"https:\/\/www.instagram.com\/p\/CSXkmf6LC8j\/\" rel=\"noopener\" target=\"_blank\">Familiares, amigos y fans<\/a> de Vicente Fern\u00e1ndez <a href=\"https:\/\/www.instagram.com\/p\/CSX89y6tkXw\/\" rel=\"noopener\" target=\"_blank\">han expresado a trav\u00e9s de redes apoyo<\/a> y adem\u00e1s han dedicado oraciones para la recuperaci\u00f3n cantante, quien lleva cinco noches y seis d\u00edas hospitalizado.<\/p>\n<p class=\"story-contents__font-paragraph \" style=\"text-align: justify;\"><strong>Actualizaci\u00f3n de su salud<\/strong><\/p>\n<p class=\"story-contents__font-paragraph \" style=\"text-align: justify;\">A seis d\u00edas de su hospitalizaci\u00f3n, el estado de salud de Vicente Fern\u00e1ndez sigue siendo el mismo: cr\u00edtico, pero estable en terapia intensiva.<\/p>\n<p class=\"story-contents__font-paragraph \" style=\"text-align: justify;\">As\u00ed lo confirmo esta ma\u00f1ana Vicente Fern\u00e1ndez Jr., quien lleg\u00f3 al nosocomio donde est\u00e1 siendo atendido el \u201cCharro de Huentit\u00e1n\u201d, raz\u00f3n por la que ayer no se emiti\u00f3 un parte m\u00e9dico como lo hab\u00eda prometido la familia.<\/p>\n<p class=\"story-contents__font-paragraph \" style=\"text-align: justify;\">\u201cNo se envi\u00f3 parte m\u00e9dico porque estamos en las mismas condiciones. Estamos esperando que haya un avance el d\u00eda de hoy.<\/p>\n<p><img loading=\"lazy\" loading=\"lazy\" decoding=\"async\" src=\"https:\/\/www.starsworldproduction.com\/wp-content\/uploads\/2021\/08\/prensa.png\" alt=\"prensa\" width=\"833\" height=\"545\" class=\"aligncenter size-full wp-image-4991\" \/><\/p>\n<p class=\"story-contents__font-paragraph \" style=\"text-align: justify;\"><em>Vicente Jr. dijo que la familia est\u00e1 unida y en constante comunicaci\u00f3n y descart\u00f3 que haya choques entre ellos<\/em>.<\/p>\n<p class=\"story-contents__font-paragraph \" style=\"text-align: justify;\">\u201cHasta ahorita, no hay cosa contraria, estamos en el mismo lugar, tenemos buenas expectativas\u201d, apunt\u00f3 el tambi\u00e9n cantante.<\/p>\n<p class=\"story-contents__font-paragraph \" style=\"text-align: justify;\">Agreg\u00f3 que la familia est\u00e1 unida y en constante comunicaci\u00f3n y descart\u00f3 que haya choques entre ellos, como se especul\u00f3 en algunos medios.<\/p>\n<p class=\"story-contents__font-paragraph \" style=\"text-align: justify;\">Tambi\u00e9n manifest\u00f3 que por el momento no van de trasladar al \u00eddolo mexicano, pues esperan que haya evoluci\u00f3n en su salud y recuperaci\u00f3n.<\/p>\n<p class=\"story-contents__font-paragraph \" style=\"text-align: justify;\">Asegur\u00f3 que todas las decisiones las toma su madre, Do\u00f1a Cuquita Abarca.<\/p>\n<p>&nbsp;<\/p>\n<p>&nbsp;<\/p>\n<p>Fuente: <a href=\"https:\/\/www.latimes.com\/espanol\/entretenimiento\/articulo\/2021-08-11\/el-estado-de-vicente-fernandez-es-estable-mientras-sus-familiares-siguen-rezando\">Latimes.<\/a><\/p>\n","protected":false},"excerpt":{"rendered":"<p>Su hijo Gerardo, quien es el m\u00e1s alejado de los reflectores, ha pedido a los medios que tomen con seriedad las informaciones que se proporcionen sobre su padre.(Agencia Reforma) Los especialistas contin\u00faan evaluando la evoluci\u00f3n de Chente aunque su hijo ha declarado que trasladar a su padre a Houston \u2018podr\u00eda ser una opci\u00f3n\u2019 Vicente Fern\u00e1ndez [&hellip;]<\/p>\n","protected":false},"author":1,"featured_media":4984,"comment_status":"open","ping_status":"open","sticky":false,"template":"","format":"standard","meta":{"footnotes":""},"categories":[121],"tags":[576,2554,2969,3559,4547,7688,7689],"class_list":["post-4983","post","type-post","status-publish","format-standard","has-post-thumbnail","category-noticias-musicales","tag-alex-fernandez","tag-el-potrillo","tag-familia","tag-hospital","tag-los-tres-potrillos","tag-vicente-fernandez","tag-vicente-fernandez-jr"],"_links":{"self":[{"href":"https:\/\/starsworldproduction.com\/web\/wp-json\/wp\/v2\/posts\/4983","targetHints":{"allow":["GET"]}}],"collection":[{"href":"https:\/\/starsworldproduction.com\/web\/wp-json\/wp\/v2\/posts"}],"about":[{"href":"https:\/\/starsworldproduction.com\/web\/wp-json\/wp\/v2\/types\/post"}],"author":[{"embeddable":true,"href":"https:\/\/starsworldproduction.com\/web\/wp-json\/wp\/v2\/users\/1"}],"replies":[{"embeddable":true,"href":"https:\/\/starsworldproduction.com\/web\/wp-json\/wp\/v2\/comments?post=4983"}],"version-history":[{"count":0,"href":"https:\/\/starsworldproduction.com\/web\/wp-json\/wp\/v2\/posts\/4983\/revisions"}],"wp:featuredmedia":[{"embeddable":true,"href":"https:\/\/starsworldproduction.com\/web\/wp-json\/wp\/v2\/media\/4984"}],"wp:attachment":[{"href":"https:\/\/starsworldproduction.com\/web\/wp-json\/wp\/v2\/media?parent=4983"}],"wp:term":[{"taxonomy":"category","embeddable":true,"href":"https:\/\/starsworldproduction.com\/web\/wp-json\/wp\/v2\/categories?post=4983"},{"taxonomy":"post_tag","embeddable":true,"href":"https:\/\/starsworldproduction.com\/web\/wp-json\/wp\/v2\/tags?post=4983"}],"curies":[{"name":"wp","href":"https:\/\/api.w.org\/{rel}","templated":true}]}}