{"id":5238,"date":"2021-10-01T13:06:13","date_gmt":"2021-10-01T13:06:13","guid":{"rendered":"https:\/\/www.starsworldproduction.com\/?p=5238"},"modified":"2021-10-01T13:06:13","modified_gmt":"2021-10-01T13:06:13","slug":"gloria-estefan-revela-familiar-abuso-cuando-tenia-nueve-anos","status":"publish","type":"post","link":"https:\/\/starsworldproduction.com\/web\/2021\/10\/01\/gloria-estefan-revela-familiar-abuso-cuando-tenia-nueve-anos\/","title":{"rendered":"Gloria Estefan revela que un familiar abus\u00f3 de ella cuando ten\u00eda nueve a\u00f1os"},"content":{"rendered":"<p><em>La cantante y empresaria latina narra que su exprofesor de m\u00fasica la amenaz\u00f3 con matar a su madre si no guardaba silencio<\/em><\/p>\n<p class=\"story-contents__font-paragraph \" style=\"text-align: justify;\">La cantante <a href=\"https:\/\/elpais.com\/cultura\/2020-07-25\/gloria-estefan-la-cancion-te-pide-el-idioma.html\" rel=\"noopener\" target=\"_blank\">Gloria Estefan (La Habana, 1957)<\/a> ha revelado este jueves que su profesor de m\u00fasica, quien era adem\u00e1s un familiar, abus\u00f3 de ella cuando ten\u00eda nueve a\u00f1os. La exitosa artista cubanoamericana narr\u00f3 c\u00f3mo el abusador la amenaz\u00f3 con matar a su madre si es que le contaba mientras su padre estaba de servicio en la guerra de Vietnam en la nueva temporada del programa de entrevistas <a href=\"https:\/\/www.facebook.com\/redtabletalk\/\" rel=\"noopener\" target=\"_blank\">Red Table Talk<\/a>: The Estefans, que se emite en Facebook Watch, en un episodio titulado Traicionados por adultos de confianza.<\/p>\n<p>&nbsp;<\/p>\n<p class=\"story-contents__font-paragraph \" style=\"text-align: justify;\">\u201cEl 93% de los ni\u00f1os abusados conocen y conf\u00edan en sus abusadores. Y lo s\u00e9, porque yo fui una de ellas\u201d, afirm\u00f3 la mujer que <a href=\"https:\/\/elpais.com\/mexico\/2020-10-18\/el-poder-del-imperio-de-gloria-y-emilio-estefan-en-miami.html\" rel=\"noopener\" target=\"_blank\">forj\u00f3 un imperio musical y empresarial desde Miami<\/a> en el cap\u00edtulo inaugural del programa donde comparte escenario con su hija, <a href=\"https:\/\/elpais.com\/elpais\/2018\/01\/02\/gente\/1514892504_694108.html\" rel=\"noopener\" target=\"_blank\">Emily Estefan<\/a>, y su sobrina, Lili Estefan. \u201c\u00c9l era familia, pero no familia cercana\u201d, puntualiz\u00f3 la galardonada cantante latina. \u201cEstaba en una posici\u00f3n de poder\u201d, continu\u00f3, \u201cporque mi madre me hab\u00eda inscrito en su escuela de m\u00fasica y \u00e9l inmediatamente comenz\u00f3 a decirle lo talentosa que yo era y que necesitaba atenci\u00f3n especial, y ella se sinti\u00f3 afortunada de que \u00e9l estuviera enfocando ese tipo de atenci\u00f3n en m\u00ed\u201d, explic\u00f3 la artista, casada hace m\u00e1s de 40 a\u00f1os con el productor musical Emilio Estefan.<\/p>\n<p>&nbsp;<\/p>\n<p class=\"story-contents__font-paragraph \" style=\"text-align: justify;\">La cantante narr\u00f3 que los abusos hab\u00edan comenzado de a poco, pero que de repente hab\u00edan avanzado muy r\u00e1pido. \u201cLe dije: \u2018Esto no puede suceder, no puedes hacer esto\u2019. \u00c9l dijo: <strong>\u2018Tu padre est\u00e1 en Vietnam, tu madre est\u00e1 sola y la matar\u00e9 si le dices\u2019<\/strong>\u201d. <strong>Estefan<\/strong> dej\u00f3 en claro que en ning\u00fan momento hab\u00eda sentido que era su culpa lo que le estaba pasando, sino que se trataba de un hombre que estaba \u201cloco\u201d y por eso mismo pensaba que realmente podr\u00eda lastimar a su madre. La ansiedad a la que estaba sometida hizo que se le cayera tanto pelo que le qued\u00f3 un c\u00edrculo descubierto en la cabeza.<\/p>\n<p>&nbsp;<\/p>\n<p class=\"story-contents__font-paragraph \" style=\"text-align: justify;\">Una noche, cerca de las tres de la ma\u00f1ana, decidi\u00f3 hablar con su madre. <strong>\u201cNo pude soportarlo m\u00e1s\u201d<\/strong>, cont\u00f3 en el programa. Al enterarse, su madre llam\u00f3 a la polic\u00eda, pero los agentes le recomendaron que no presentara cargos. Argumentaron que el trauma para Gloria de tener que subir al banquillo en un tribunal iba a ser peor. As\u00ed que no denunciaron. \u201cY yo a\u00fan me siento horrible por eso, imaginando que podr\u00edan haber existido m\u00e1s v\u00edctimas\u201d, sostuvo este jueves la ganadora de tres Grammys. M\u00e1s tarde, se enterar\u00eda de que el depredador tambi\u00e9n hab\u00eda abusado de su t\u00eda cuando todav\u00eda estaban en Cuba.<\/p>\n<p class=\"story-contents__font-paragraph \" style=\"text-align: justify;\">A mediados de los 80, cuando <strong>Gloria Estefan<\/strong>, junto al grupo Miami Sound Machine, tocaba la cima de la industria musical con su \u00e9xito Conga, \u201ceste depredador, que era un miembro respetado de la comunidad\u201d, escribi\u00f3 una carta a un peri\u00f3dico criticando su m\u00fasica. La artista estaba tan enojada, que pens\u00f3 romper su silencio. \u201cLuego pens\u00e9: \u2018\u00a1Todo mi \u00e9xito se convertir\u00e1 en un tema sobre \u00e9l!\u201d. Hasta ahora, nadie sab\u00eda, salvo su familia. <strong>\u201cQuise enfrentar y tocar este tema porque hablando de ello podemos ayudar a prevenir\u201d<\/strong>.<\/p>\n<p>&nbsp;<\/p>\n<p>&nbsp;<\/p>\n<p>Fuente: <a href=\"https:\/\/elpais.com\/sociedad\/2021-10-01\/gloria-estefan-revela-que-un-familiar-abuso-de-ella-cuando-tenia-nueve-anos.html\">ElPais.<\/a><\/p>\n","protected":false},"excerpt":{"rendered":"<p>La cantante y empresaria latina narra que su exprofesor de m\u00fasica la amenaz\u00f3 con matar a su madre si no guardaba silencio La cantante Gloria Estefan (La Habana, 1957) ha revelado este jueves que su profesor de m\u00fasica, quien era adem\u00e1s un familiar, abus\u00f3 de ella cuando ten\u00eda nueve a\u00f1os. La exitosa artista cubanoamericana narr\u00f3 [&hellip;]<\/p>\n","protected":false},"author":1,"featured_media":5239,"comment_status":"open","ping_status":"open","sticky":false,"template":"","format":"standard","meta":{"footnotes":""},"categories":[122],"tags":[412,2651,3292,4318],"class_list":{"0":"post-5238","1":"post","2":"type-post","3":"status-publish","4":"format-standard","5":"has-post-thumbnail","7":"category-noticias-tv","8":"tag-abuso","9":"tag-empresaria","10":"tag-gloria-estefan","11":"tag-latina"},"_links":{"self":[{"href":"https:\/\/starsworldproduction.com\/web\/wp-json\/wp\/v2\/posts\/5238","targetHints":{"allow":["GET"]}}],"collection":[{"href":"https:\/\/starsworldproduction.com\/web\/wp-json\/wp\/v2\/posts"}],"about":[{"href":"https:\/\/starsworldproduction.com\/web\/wp-json\/wp\/v2\/types\/post"}],"author":[{"embeddable":true,"href":"https:\/\/starsworldproduction.com\/web\/wp-json\/wp\/v2\/users\/1"}],"replies":[{"embeddable":true,"href":"https:\/\/starsworldproduction.com\/web\/wp-json\/wp\/v2\/comments?post=5238"}],"version-history":[{"count":0,"href":"https:\/\/starsworldproduction.com\/web\/wp-json\/wp\/v2\/posts\/5238\/revisions"}],"wp:featuredmedia":[{"embeddable":true,"href":"https:\/\/starsworldproduction.com\/web\/wp-json\/wp\/v2\/media\/5239"}],"wp:attachment":[{"href":"https:\/\/starsworldproduction.com\/web\/wp-json\/wp\/v2\/media?parent=5238"}],"wp:term":[{"taxonomy":"category","embeddable":true,"href":"https:\/\/starsworldproduction.com\/web\/wp-json\/wp\/v2\/categories?post=5238"},{"taxonomy":"post_tag","embeddable":true,"href":"https:\/\/starsworldproduction.com\/web\/wp-json\/wp\/v2\/tags?post=5238"}],"curies":[{"name":"wp","href":"https:\/\/api.w.org\/{rel}","templated":true}]}}