{"id":5671,"date":"2022-01-10T14:58:34","date_gmt":"2022-01-10T14:58:34","guid":{"rendered":"https:\/\/www.starsworldproduction.com\/?p=5671"},"modified":"2022-01-10T14:58:34","modified_gmt":"2022-01-10T14:58:34","slug":"raphael-ahora-documental-vida-una-pelicula-desde-empezo","status":"publish","type":"post","link":"https:\/\/starssworldproduction.com\/web\/2022\/01\/10\/raphael-ahora-documental-vida-una-pelicula-desde-empezo\/","title":{"rendered":"Raphael, ahora en documental: \u2018Mi vida es una pel\u00edcula desde que empez\u00f3&#8217;"},"content":{"rendered":"<p>&nbsp;<\/p>\n<p class=\"story-contents__font-paragraph \" style=\"text-align: justify;\"><strong>Raphael<\/strong> es capaz a la vez de protagonizar una gira, la serie documental <strong>\u201cRaphaelismo\u201d<\/strong> -que se estrena en <strong>Movistar+ el 13 de enero<\/strong>&#8211; y una exposici\u00f3n que recorre en Madrid su prol\u00edfica carrera art\u00edstica a trav\u00e9s de carteles, discograf\u00eda y vestuario y que este lunes presenta el cantante invitando a sus seguidores a interactuar en varios de sus espacios. (EFE\/ Emilio Naranjo)<\/p>\n<p class=\"story-contents__font-paragraph \" style=\"text-align: justify;\"><strong>\u201cPara atr\u00e1s ni para coger impulso\u201d<\/strong>, sol\u00eda insistir Raphael de forma vehemente. As\u00ed han sido necesarios 60 a\u00f1os de carrera para convencerlo de hacer repaso y sintetizarlo en un ambicioso documental de <strong>Movistar+<\/strong> que se estrena a la par que una exposici\u00f3n que lo muestra, dice, \u201ccomo uno es, sin disimular nada\u201d.<\/p>\n<p class=\"story-contents__font-paragraph \" style=\"text-align: justify;\"><strong>\u201cNo tengo que inventarme ninguna pel\u00edcula, porque mi vida lo es desde que empez\u00f3\u00bb<\/strong>, ha reivindicado el de Linares en la presentaci\u00f3n hoy en Madrid de ambos proyectos, el primero de los cuales, \u201cRaphaelismo\u201d, consistente en cuatro episodios, podr\u00e1 disfrutarse \u00edntegramente a partir de este jueves en televisi\u00f3n.<\/p>\n<p class=\"story-contents__font-paragraph \" style=\"text-align: justify;\">Tras el documental de Lola Flores, Movistar+ ha definido esta producci\u00f3n creada y dirigida por <strong>Charlie Arnaiz <\/strong>y <strong>Alberto Ortega<\/strong>, de<strong> Dad\u00e1 Films &#038; Entertainment<\/strong>, como \u201cel documental definitivo de un artista pionero en la m\u00fasica moderna en espa\u00f1ol durante 60 a\u00f1os en los que nadie ha pisado como \u00e9l los escenarios\u201d.<\/p>\n<p><img loading=\"lazy\" loading=\"lazy\" decoding=\"async\" src=\"https:\/\/www.starsworldproduction.com\/wp-content\/uploads\/2022\/01\/raphael2.png\" alt=\"raphael2\" width=\"1003\" height=\"566\" class=\"aligncenter size-full wp-image-5673\" \/><\/p>\n<p class=\"story-contents__font-paragraph \" style=\"text-align: justify;\">\u201cAlaska dice que, cuando va a verlo al teatro, es como ir a misa. Pocos artistas pueden montar un fen\u00f3meno tan grande que trascienda al personaje mismo\u201d, han destacado los responsables de <strong>\u201cRaphaelismo\u201d<\/strong> al explicar por qu\u00e9 escogieron este t\u00edtulo para un proyecto \u201cm\u00e1gico\u201d, elaborado con total \u201clibertad\u201d de maniobra y la plena colaboraci\u00f3n de su protagonista.<\/p>\n<p class=\"story-contents__font-paragraph \" style=\"text-align: justify;\">Para llevarlo a cabo, hubo que vencer antes una m\u00e1xima vital llevada al extremo por el cantante: \u201cPara atr\u00e1s ni para coger impulso\u201d.<\/p>\n<p class=\"story-contents__font-paragraph \" style=\"text-align: justify;\">\u201cEs algo malo, porque no me deja disfrutar del \u00e9xito. Puedo estar en el escenario con todo el mundo en pie y ya estar pensando en ma\u00f1ana. Eso es muy cruel, porque no me lo paso bien. Yo quisiera un d\u00eda salir del escenario llorando de alegr\u00eda, pero no puedo, siempre le saco punta a todo, pero eso ha hecho que cada vez sea mejor\u201d, ha confesado.<\/p>\n<p class=\"story-contents__font-paragraph \" style=\"text-align: justify;\">Fueron muchas las ofertas que le hicieron en el pasado para llevar su vida a otros formatos. <strong>\u201cY yo dec\u00eda: \u00a1Si lo interesante es verme en el escenario! Pero el tiempo todo lo cura y llego un momento en el que entend\u00ed que era la hora\u201d, ha explicado sobre las razones que le llevaron a decir \u201cs\u00ed\u00bb<\/strong>.<\/p>\n<p class=\"story-contents__font-paragraph \" style=\"text-align: justify;\">Se ha contado \u201ctodo\u201d, insisten, con una \u00fanica <strong>\u201cl\u00ednea roja\u201d<\/strong>: explayarse en los d\u00edas de su trasplante de h\u00edgado. \u201cNo hay tab\u00fas en el documental. Lo \u00fanico que no ha sido agradable fue hablar del trasplante, pero yo me obligo a hacerlo hasta que pueda\u201d, ha reconocido \u00e9l.<\/p>\n<p class=\"story-contents__font-paragraph \" style=\"text-align: justify;\">Se ha dispuesto de un acceso privilegiado a compa\u00f1eros de profesi\u00f3n y a la propia familia de <strong>Raphael<\/strong>, que no solo han ofrecido sus testimonios, sino abundante material personal como las grabaciones dom\u00e9sticas que su hijo mayor, Jacobo, acumul\u00f3 durante a\u00f1os tras la estela de su padre.<\/p>\n<p class=\"story-contents__font-paragraph \" style=\"text-align: justify;\">\u201cLa vida me ha regalado momentos inolvidables. Recuerdo la primera vez en el Carneggie Hall de Nueva York compartiendo cartel con la<strong> Caball\u00e9 y Rostrop\u00f3vich<\/strong>. O cuando fui a la \u00d3pera de Sidney. O mi presentaci\u00f3n en San Petersburgo, que cost\u00f3 mucho trabajo porque Espa\u00f1a no ten\u00eda relaciones diplom\u00e1ticas con la URSS, as\u00ed que yo estuviese all\u00ed significaba muchas cosas, con <strong>Breznev <\/strong>(secretario general del Partido Comunista) entre el p\u00fablico\u201d, ha recordado.<\/p>\n<p class=\"story-contents__font-paragraph \" style=\"text-align: justify;\">El espa\u00f1ol que fue dos veces a Eurovisi\u00f3n, que pas\u00f3 por el show de Ed Sullivan y ayud\u00f3 a traer a Espa\u00f1a a <strong>Sammy Davis Jr<\/strong>. o <strong>Shirley MacLaine<\/strong> no ha dejado asimismo de elogiar su trabajo con Manuel Alejandro o Jos\u00e9 Luis Perales como compositores de sus grandes <strong>\u201cjoyas de la corona\u201d<\/strong>, as\u00ed como su encarnaci\u00f3n en teatro como \u201cJekyll y Hyde\u201d y sus pel\u00edculas con directores como Vicente Escriv\u00e1 o Mario Camus.<\/p>\n<p class=\"story-contents__font-paragraph \" style=\"text-align: justify;\">\u201cCamus coment\u00f3 que yo era el \u00fanico artista que conoc\u00eda que traspasaba la pantalla. Y eso es lo que m\u00e1s me gusta, que la gente sienta por m\u00ed algo m\u00e1s que lo bien que canto\u201d, ha dicho sobre c\u00f3mo le gustar\u00eda ser recordado. \u201cAlguien dijo tambi\u00e9n que Raphael es el \u00fanico artista hecho a mano. Y as\u00ed canto. Lo m\u00edo est\u00e1 hecho de cerca, no en serie, no son colecciones para vender\u201d, ha insistido.<\/p>\n<p class=\"story-contents__font-paragraph \" style=\"text-align: justify;\">En paralelo con el estreno del documental, la Fundaci\u00f3n Telef\u00f3nica ha abierto las puertas de una peque\u00f1a exposici\u00f3n que recoge material emblem\u00e1tico de su carrera, como carteles o discos, pero sobre todo algunas de las piezas m\u00e1s ic\u00f3nicas de su vestuario, como los trajes de lentejuelas de los musicales <strong>\u201cBilly the liar\u201d<\/strong> y <strong>\u201cPippin\u201d<\/strong> o el abrigo y la chistera de <strong>\u201cJekyll Hyde\u201d<\/strong>.<\/p>\n<p class=\"story-contents__font-paragraph \" style=\"text-align: justify;\">Quienes la visiten, podr\u00e1n adem\u00e1s interpretar en el karaoke alguno de sus numerosos \u00e9xitos, de \u201cYo soy aquel\u201d a <strong>\u201cEsc\u00e1ndalo\u201d<\/strong>, y posar junto al disco de uranio que recibi\u00f3 en 1980 al traspasar los 50 millones de discos vendidos, a pesar de lo cual, su carrera a\u00fan sigui\u00f3 buscando techo.<\/p>\n<p class=\"story-contents__font-paragraph \" style=\"text-align: justify;\">Este mismo a\u00f1o, volver\u00e1 a salir de gira y grabar\u00e1 un disco con <strong>Pablo L\u00f3pez <\/strong>como autor. <strong>\u201cJuro que nunca habr\u00e1 una gira de despedida. Nunca me despedir\u00e9, porque no podr\u00eda, no dejar\u00eda de llorar\u201d<\/strong>, ha asegurado.<\/p>\n<p>&nbsp;<\/p>\n<p>&nbsp;<\/p>\n<p>Fuente: <a href=\"https:\/\/www.latimes.com\/espanol\/entretenimiento\/articulo\/2022-01-10\/raphael-ahora-en-documental-mi-vida-es-una-pelicula-desde-que-empezo\">La Times.<\/a><\/p>\n","protected":false},"excerpt":{"rendered":"<p>&nbsp; Raphael es capaz a la vez de protagonizar una gira, la serie documental \u201cRaphaelismo\u201d -que se estrena en Movistar+ el 13 de enero&#8211; y una exposici\u00f3n que recorre en Madrid su prol\u00edfica carrera art\u00edstica a trav\u00e9s de carteles, discograf\u00eda y vestuario y que este lunes presenta el cantante invitando a sus seguidores a interactuar [&hellip;]<\/p>\n","protected":false},"author":1,"featured_media":5672,"comment_status":"open","ping_status":"open","sticky":false,"template":"","format":"standard","meta":{"footnotes":""},"categories":[122],"tags":[2371,5076,6255],"class_list":{"0":"post-5671","1":"post","2":"type-post","3":"status-publish","4":"format-standard","5":"has-post-thumbnail","7":"category-noticias-tv","8":"tag-documental","9":"tag-movistar","10":"tag-raphael"},"_links":{"self":[{"href":"https:\/\/starssworldproduction.com\/web\/wp-json\/wp\/v2\/posts\/5671","targetHints":{"allow":["GET"]}}],"collection":[{"href":"https:\/\/starssworldproduction.com\/web\/wp-json\/wp\/v2\/posts"}],"about":[{"href":"https:\/\/starssworldproduction.com\/web\/wp-json\/wp\/v2\/types\/post"}],"author":[{"embeddable":true,"href":"https:\/\/starssworldproduction.com\/web\/wp-json\/wp\/v2\/users\/1"}],"replies":[{"embeddable":true,"href":"https:\/\/starssworldproduction.com\/web\/wp-json\/wp\/v2\/comments?post=5671"}],"version-history":[{"count":0,"href":"https:\/\/starssworldproduction.com\/web\/wp-json\/wp\/v2\/posts\/5671\/revisions"}],"wp:featuredmedia":[{"embeddable":true,"href":"https:\/\/starssworldproduction.com\/web\/wp-json\/wp\/v2\/media\/5672"}],"wp:attachment":[{"href":"https:\/\/starssworldproduction.com\/web\/wp-json\/wp\/v2\/media?parent=5671"}],"wp:term":[{"taxonomy":"category","embeddable":true,"href":"https:\/\/starssworldproduction.com\/web\/wp-json\/wp\/v2\/categories?post=5671"},{"taxonomy":"post_tag","embeddable":true,"href":"https:\/\/starssworldproduction.com\/web\/wp-json\/wp\/v2\/tags?post=5671"}],"curies":[{"name":"wp","href":"https:\/\/api.w.org\/{rel}","templated":true}]}}