{"id":6093,"date":"2022-03-24T13:10:37","date_gmt":"2022-03-24T13:10:37","guid":{"rendered":"https:\/\/www.starsworldproduction.com\/?p=6093"},"modified":"2022-03-24T13:10:37","modified_gmt":"2022-03-24T13:10:37","slug":"sebastian-yatra-cantara-los-oscar-2022-tema-dos-oruguitas-la-pelicula-encanto","status":"publish","type":"post","link":"https:\/\/starsworldproduction.com\/web\/2022\/03\/24\/sebastian-yatra-cantara-los-oscar-2022-tema-dos-oruguitas-la-pelicula-encanto\/","title":{"rendered":"Sebasti\u00e1n Yatra cantar\u00e1 en los Oscar 2022 el tema \u2018Dos oruguitas\u2019 de la pel\u00edcula \u2018Encanto\u2019"},"content":{"rendered":"<p>&nbsp;<\/p>\n<p><a href=\"https:\/\/www.dallasnews.com\/espanol\/al-dia\/espectaculos\/2022\/03\/09\/sebastian-yatra-erase-una-vez-pero-ya-no-actor-netflix-manolo-caro\/\" rel=\"noopener\" target=\"_blank\">Sebasti\u00e1n Yatra<\/a> cantar\u00e1 en la ceremonia de los <a href=\"https:\/\/www.dallasnews.com\/espanol\/al-dia\/espectaculos\/2022\/02\/08\/oscar-2022-lista-candidatos-nominados\/\" rel=\"noopener\" target=\"_blank\">premios Oscar<\/a>, anunciaron los productores del espect\u00e1culo el martes por la noche.<\/p>\n<p class=\"story-contents__font-paragraph \" style=\"text-align: justify;\">El cantante colombiano interpretar\u00e1 \u201cDos oruguitas\u201d de Lin-Manuel Miranda, parte de la banda sonora de la cinta animada Encanto. Se trata de la primera canci\u00f3n en espa\u00f1ol nominada desde que \u201cAl otro lado del r\u00edo\u201d de \u201cDiarios de motocicleta\u201d le mereci\u00f3 al uruguayo Jorge Drexler el Premio de la Academia en 2005.<\/p>\n<p class=\"story-contents__font-paragraph \" style=\"text-align: justify;\">\u201cVoy a cantar \u2018Dos oruguitas\u2019 representando a mi pa\u00eds, Colombia, y teniendo esta gran oportunidad de representar nuestro idioma, el espa\u00f1ol. No podr\u00eda estar m\u00e1s emocionado, agradecido\u201d, dijo Yatra en un video publicado poco despu\u00e9s del anuncio en su cuenta de Instagram. \u201cTengo nervios, siento muchas cosas, pero m\u00e1s que nada eso, agradecimiento a la vida por esto que est\u00e1 pasando\u201d.<\/p>\n<p><iframe loading=\"lazy\" width=\"560\" height=\"315\" src=\"https:\/\/www.youtube.com\/embed\/DUGtyj5QlEM\" title=\"YouTube video player\" frameborder=\"0\" allow=\"accelerometer; autoplay; clipboard-write; encrypted-media; gyroscope; picture-in-picture\" allowfullscreen><\/iframe><\/p>\n<p>Beyonc\u00e9 y Billie Eilish est\u00e1n entre los candidatos a mejor canci\u00f3n original que se presentar\u00e1n en la gala del domingo.<\/p>\n<p class=\"story-contents__font-paragraph \" style=\"text-align: justify;\">Beyonc\u00e9 interpretar\u00e1 la nominada \u201cBe Alive\u201d de \u201cKing Richard\u201d (\u201cRey Richard: Una familia ganadora\u201d), y Eilish y su hermano y coescritor Finneas \u201cNo Time To Die\u201d (\u201cSin tiempo para morir\u201d) de la cinta hom\u00f3nima de James Bond.<\/p>\n<p>Reba McEntire cantar\u00e1 \u201cSomehow You Do\u201d, compuesta por Diane Warren para la pel\u00edcula \u201cFour Good Days\u201d (\u201c4 d\u00edas\u201d).<\/p>\n<p class=\"story-contents__font-paragraph \" style=\"text-align: justify;\">Van Morrison, quien escribi\u00f3 y canta el tema nominado \u201cDown to Joy\u201d de \u201cBelfast\u201d, no podr\u00e1 asistir a la ceremonia debido a que est\u00e1 de gira. La canci\u00f3n no ser\u00e1 interpretada en la gala.<\/p>\n<p>El Premio de la Academia a la mejor canci\u00f3n original es para el compositor, no para el artista que la interpreta, y quien gane este a\u00f1o obtendr\u00e1 su primer Oscar.<\/p>\n<p>Eso incluye a Beyonc\u00e9, ganadora de 28 premios Grammy, quien escribi\u00f3 \u201cBe Alive\u201d con Dixson.<\/p>\n<p>Warren recibi\u00f3 este a\u00f1o su 13a nominaci\u00f3n, pero a\u00fan no ha ganado el Oscar.<\/p>\n<p class=\"story-contents__font-paragraph \" style=\"text-align: justify;\">Si \u201cDos oruguitas\u201d gana, Miranda se unir\u00e1 al exclusivo club \u201cEGOT\u201d, como se conoce a quienes han ganado premios Emmy, Grammy, Oscar y Tony. La canci\u00f3n fue la seleccionada como la representante al Oscar de \u201cEncanto\u201d antes de que otra de la cinta de Disney, \u201cWe Don\u2019t Talk About Bruno\u201d (\u201cNo se habla de Bruno\u201d), tambi\u00e9n escrita por Miranda, se convirtiera en un \u00e9xito.<\/p>\n<p>Los Oscar regresan al Teatro Dolby de Hollywood luego que la pandemia traslad\u00f3 el espect\u00e1culo a Union Station para una ceremonia m\u00e1s peque\u00f1a e \u00edntima el a\u00f1o pasado.<\/p>\n<blockquote class=\"instagram-media\" data-instgrm-captioned data-instgrm-permalink=\"https:\/\/www.instagram.com\/tv\/CbbS5v6AWgp\/?utm_source=ig_embed&amp;utm_campaign=loading\" data-instgrm-version=\"14\" style=\" background:#FFF; border:0; border-radius:3px; box-shadow:0 0 1px 0 rgba(0,0,0,0.5),0 1px 10px 0 rgba(0,0,0,0.15); margin: 1px; max-width:540px; min-width:326px; padding:0; width:99.375%; width:-webkit-calc(100% - 2px); width:calc(100% - 2px);\">\n<div style=\"padding:16px;\"> <a href=\"https:\/\/www.instagram.com\/tv\/CbbS5v6AWgp\/?utm_source=ig_embed&amp;utm_campaign=loading\" style=\" background:#FFFFFF; line-height:0; padding:0 0; text-align:center; text-decoration:none; width:100%;\" target=\"_blank\"> <\/p>\n<div style=\" display: flex; flex-direction: row; align-items: center;\">\n<div style=\"background-color: #F4F4F4; border-radius: 50%; flex-grow: 0; height: 40px; margin-right: 14px; width: 40px;\"><\/div>\n<div style=\"display: flex; flex-direction: column; flex-grow: 1; justify-content: center;\">\n<div style=\" background-color: #F4F4F4; border-radius: 4px; flex-grow: 0; height: 14px; margin-bottom: 6px; width: 100px;\"><\/div>\n<div style=\" background-color: #F4F4F4; border-radius: 4px; flex-grow: 0; height: 14px; width: 60px;\"><\/div>\n<\/div>\n<\/div>\n<div style=\"padding: 19% 0;\"><\/div>\n<div style=\"display:block; height:50px; margin:0 auto 12px; width:50px;\"><svg width=\"50px\" height=\"50px\" viewBox=\"0 0 60 60\" version=\"1.1\" xmlns=\"https:\/\/www.w3.org\/2000\/svg\" xmlns:xlink=\"https:\/\/www.w3.org\/1999\/xlink\"><g stroke=\"none\" stroke-width=\"1\" fill=\"none\" fill-rule=\"evenodd\"><g transform=\"translate(-511.000000, -20.000000)\" fill=\"#000000\"><g><path d=\"M556.869,30.41 C554.814,30.41 553.148,32.076 553.148,34.131 C553.148,36.186 554.814,37.852 556.869,37.852 C558.924,37.852 560.59,36.186 560.59,34.131 C560.59,32.076 558.924,30.41 556.869,30.41 M541,60.657 C535.114,60.657 530.342,55.887 530.342,50 C530.342,44.114 535.114,39.342 541,39.342 C546.887,39.342 551.658,44.114 551.658,50 C551.658,55.887 546.887,60.657 541,60.657 M541,33.886 C532.1,33.886 524.886,41.1 524.886,50 C524.886,58.899 532.1,66.113 541,66.113 C549.9,66.113 557.115,58.899 557.115,50 C557.115,41.1 549.9,33.886 541,33.886 M565.378,62.101 C565.244,65.022 564.756,66.606 564.346,67.663 C563.803,69.06 563.154,70.057 562.106,71.106 C561.058,72.155 560.06,72.803 558.662,73.347 C557.607,73.757 556.021,74.244 553.102,74.378 C549.944,74.521 548.997,74.552 541,74.552 C533.003,74.552 532.056,74.521 528.898,74.378 C525.979,74.244 524.393,73.757 523.338,73.347 C521.94,72.803 520.942,72.155 519.894,71.106 C518.846,70.057 518.197,69.06 517.654,67.663 C517.244,66.606 516.755,65.022 516.623,62.101 C516.479,58.943 516.448,57.996 516.448,50 C516.448,42.003 516.479,41.056 516.623,37.899 C516.755,34.978 517.244,33.391 517.654,32.338 C518.197,30.938 518.846,29.942 519.894,28.894 C520.942,27.846 521.94,27.196 523.338,26.654 C524.393,26.244 525.979,25.756 528.898,25.623 C532.057,25.479 533.004,25.448 541,25.448 C548.997,25.448 549.943,25.479 553.102,25.623 C556.021,25.756 557.607,26.244 558.662,26.654 C560.06,27.196 561.058,27.846 562.106,28.894 C563.154,29.942 563.803,30.938 564.346,32.338 C564.756,33.391 565.244,34.978 565.378,37.899 C565.522,41.056 565.552,42.003 565.552,50 C565.552,57.996 565.522,58.943 565.378,62.101 M570.82,37.631 C570.674,34.438 570.167,32.258 569.425,30.349 C568.659,28.377 567.633,26.702 565.965,25.035 C564.297,23.368 562.623,22.342 560.652,21.575 C558.743,20.834 556.562,20.326 553.369,20.18 C550.169,20.033 549.148,20 541,20 C532.853,20 531.831,20.033 528.631,20.18 C525.438,20.326 523.257,20.834 521.349,21.575 C519.376,22.342 517.703,23.368 516.035,25.035 C514.368,26.702 513.342,28.377 512.574,30.349 C511.834,32.258 511.326,34.438 511.181,37.631 C511.035,40.831 511,41.851 511,50 C511,58.147 511.035,59.17 511.181,62.369 C511.326,65.562 511.834,67.743 512.574,69.651 C513.342,71.625 514.368,73.296 516.035,74.965 C517.703,76.634 519.376,77.658 521.349,78.425 C523.257,79.167 525.438,79.673 528.631,79.82 C531.831,79.965 532.853,80.001 541,80.001 C549.148,80.001 550.169,79.965 553.369,79.82 C556.562,79.673 558.743,79.167 560.652,78.425 C562.623,77.658 564.297,76.634 565.965,74.965 C567.633,73.296 568.659,71.625 569.425,69.651 C570.167,67.743 570.674,65.562 570.82,62.369 C570.966,59.17 571,58.147 571,50 C571,41.851 570.966,40.831 570.82,37.631\"><\/path><\/g><\/g><\/g><\/svg><\/div>\n<div style=\"padding-top: 8px;\">\n<div style=\" color:#3897f0; font-family:Arial,sans-serif; font-size:14px; font-style:normal; font-weight:550; line-height:18px;\">Ver esta publicaci\u00f3n en Instagram<\/div>\n<\/div>\n<div style=\"padding: 12.5% 0;\"><\/div>\n<div style=\"display: flex; flex-direction: row; margin-bottom: 14px; align-items: center;\">\n<div>\n<div style=\"background-color: #F4F4F4; border-radius: 50%; height: 12.5px; width: 12.5px; transform: translateX(0px) translateY(7px);\"><\/div>\n<div style=\"background-color: #F4F4F4; height: 12.5px; transform: rotate(-45deg) translateX(3px) translateY(1px); width: 12.5px; flex-grow: 0; margin-right: 14px; margin-left: 2px;\"><\/div>\n<div style=\"background-color: #F4F4F4; border-radius: 50%; height: 12.5px; width: 12.5px; transform: translateX(9px) translateY(-18px);\"><\/div>\n<\/div>\n<div style=\"margin-left: 8px;\">\n<div style=\" background-color: #F4F4F4; border-radius: 50%; flex-grow: 0; height: 20px; width: 20px;\"><\/div>\n<div style=\" width: 0; height: 0; border-top: 2px solid transparent; border-left: 6px solid #f4f4f4; border-bottom: 2px solid transparent; transform: translateX(16px) translateY(-4px) rotate(30deg)\"><\/div>\n<\/div>\n<div style=\"margin-left: auto;\">\n<div style=\" width: 0px; border-top: 8px solid #F4F4F4; border-right: 8px solid transparent; transform: translateY(16px);\"><\/div>\n<div style=\" background-color: #F4F4F4; flex-grow: 0; height: 12px; width: 16px; transform: translateY(-4px);\"><\/div>\n<div style=\" width: 0; height: 0; border-top: 8px solid #F4F4F4; border-left: 8px solid transparent; transform: translateY(-4px) translateX(8px);\"><\/div>\n<\/div>\n<\/div>\n<div style=\"display: flex; flex-direction: column; flex-grow: 1; justify-content: center; margin-bottom: 24px;\">\n<div style=\" background-color: #F4F4F4; border-radius: 4px; flex-grow: 0; height: 14px; margin-bottom: 6px; width: 224px;\"><\/div>\n<div style=\" background-color: #F4F4F4; border-radius: 4px; flex-grow: 0; height: 14px; width: 144px;\"><\/div>\n<\/div>\n<p><\/a><\/p>\n<p style=\" color:#c9c8cd; font-family:Arial,sans-serif; font-size:14px; line-height:17px; margin-bottom:0; margin-top:8px; overflow:hidden; padding:8px 0 7px; text-align:center; text-overflow:ellipsis; white-space:nowrap;\"><a href=\"https:\/\/www.instagram.com\/tv\/CbbS5v6AWgp\/?utm_source=ig_embed&amp;utm_campaign=loading\" style=\" color:#c9c8cd; font-family:Arial,sans-serif; font-size:14px; font-style:normal; font-weight:normal; line-height:17px; text-decoration:none;\" target=\"_blank\">Una publicaci\u00f3n compartida de Sebastian Yatra (@sebastianyatra)<\/a><\/p>\n<\/div>\n<\/blockquote>\n<p> <script async src=\"\/\/www.instagram.com\/embed.js\"><\/script><\/p>\n<p>&nbsp;<\/p>\n<p>&nbsp;<\/p>\n<p>Fuente: <a href=\"https:\/\/www.dallasnews.com\/espanol\/al-dia\/espectaculos\/2022\/03\/23\/sebastian-yatra-oscar-2022-dos-oruguitas\/\">DallasNews.<\/a><\/p>\n","protected":false},"excerpt":{"rendered":"<p>&nbsp; Sebasti\u00e1n Yatra cantar\u00e1 en la ceremonia de los premios Oscar, anunciaron los productores del espect\u00e1culo el martes por la noche. El cantante colombiano interpretar\u00e1 \u201cDos oruguitas\u201d de Lin-Manuel Miranda, parte de la banda sonora de la cinta animada Encanto. Se trata de la primera canci\u00f3n en espa\u00f1ol nominada desde que \u201cAl otro lado del [&hellip;]<\/p>\n","protected":false},"author":1,"featured_media":6094,"comment_status":"open","ping_status":"open","sticky":false,"template":"","format":"standard","meta":{"footnotes":""},"categories":[122],"tags":[3744,5561,6738,7907],"class_list":["post-6093","post","type-post","status-publish","format-standard","has-post-thumbnail","category-noticias-tv","tag-instagram","tag-oscar-2022","tag-sebastian-yatra","tag-youtube"],"_links":{"self":[{"href":"https:\/\/starsworldproduction.com\/web\/wp-json\/wp\/v2\/posts\/6093","targetHints":{"allow":["GET"]}}],"collection":[{"href":"https:\/\/starsworldproduction.com\/web\/wp-json\/wp\/v2\/posts"}],"about":[{"href":"https:\/\/starsworldproduction.com\/web\/wp-json\/wp\/v2\/types\/post"}],"author":[{"embeddable":true,"href":"https:\/\/starsworldproduction.com\/web\/wp-json\/wp\/v2\/users\/1"}],"replies":[{"embeddable":true,"href":"https:\/\/starsworldproduction.com\/web\/wp-json\/wp\/v2\/comments?post=6093"}],"version-history":[{"count":0,"href":"https:\/\/starsworldproduction.com\/web\/wp-json\/wp\/v2\/posts\/6093\/revisions"}],"wp:featuredmedia":[{"embeddable":true,"href":"https:\/\/starsworldproduction.com\/web\/wp-json\/wp\/v2\/media\/6094"}],"wp:attachment":[{"href":"https:\/\/starsworldproduction.com\/web\/wp-json\/wp\/v2\/media?parent=6093"}],"wp:term":[{"taxonomy":"category","embeddable":true,"href":"https:\/\/starsworldproduction.com\/web\/wp-json\/wp\/v2\/categories?post=6093"},{"taxonomy":"post_tag","embeddable":true,"href":"https:\/\/starsworldproduction.com\/web\/wp-json\/wp\/v2\/tags?post=6093"}],"curies":[{"name":"wp","href":"https:\/\/api.w.org\/{rel}","templated":true}]}}