{"id":7104,"date":"2022-10-21T17:53:32","date_gmt":"2022-10-21T17:53:32","guid":{"rendered":"https:\/\/www.starsworldproduction.com\/?p=7104"},"modified":"2022-10-21T17:53:32","modified_gmt":"2022-10-21T17:53:32","slug":"maluma-lanzo-nueva-cancion-junto-adam-levine-temazo-la-historia","status":"publish","type":"post","link":"https:\/\/starssworldproduction.com\/web\/2022\/10\/21\/maluma-lanzo-nueva-cancion-junto-adam-levine-temazo-la-historia\/","title":{"rendered":"Maluma lanz\u00f3 su nueva canci\u00f3n junto a Adam Levine: \u201cUn temazo para la historia\u201d"},"content":{"rendered":"<p class=\"story-contents__font-paragraph \" style=\"text-align: justify;\"><em>\u2018Ojal\u00e1\u2019 es el nombre del sencillo que interpreta el colombiano junto al l\u00edder de la banda Maroon Five, el cual est\u00e1 acomp\u00f1aado por un divertido video en el que el paisa le ense\u00f1a al estadounidense algunas expresiones de su regi\u00f3n.<\/em><\/p>\n<p>&nbsp;<\/p>\n<p class=\"story-contents__font-paragraph \" style=\"text-align: justify;\">Despu\u00e9s de varios meses de espera, la colaboraci\u00f3n entre <strong>Maluma<\/strong> y<strong> Adam Levine<\/strong>, <strong>de Maroon 5<\/strong>, se hizo una realidad gracias al d\u00fao urbano The Rudeboyz, quienes invitaron a los artistas internacionales a colaborar en la canci\u00f3n <strong>\u2018Ojal\u00e1&#8217;<\/strong>. La canci\u00f3n se lanz\u00f3 en todas las plataformas digitales en horas de la noche del 20 de octubre y luego de varias horas est\u00e1 por alcanzar el medio mill\u00f3n de reproducciones.<\/p>\n<p class=\"story-contents__font-paragraph \" style=\"text-align: justify;\">El video de la canci\u00f3n inicia con una conversaci\u00f3n casual entre los integrantes de <strong>The Rudeboyz<\/strong> en la que se\u00f1alan que una canci\u00f3n en la que canten junto a Juan Luis Londo\u00f1o, m\u00e1s conocido como <strong>Maluma<\/strong>, y el vocalista de <strong>Maroon 5<\/strong>, Adam Levine, ser\u00eda <strong>un sue\u00f1o hecho realidad<\/strong>.<\/p>\n<p class=\"story-contents__font-paragraph \" style=\"text-align: justify;\"><strong>\u2018Ojal\u00e1&#8217;<\/strong> es una canci\u00f3n interpretada por una persona que recientemente termin\u00f3 una relaci\u00f3n amorosa y se entera de que su expareja ya tiene un nuevo amor, es por eso que le desea que <strong>cuando est\u00e9 con su nueva pareja siempre lo recuerde<\/strong>. <em>\u201cOjal\u00e1 que cuando \u00e9l te lo haga pienses en m\u00ed, ojal\u00e1 sea mi nombre el que quieras repetir. Y ojal\u00e1 lo mismo me pase a m\u00ed, ojal\u00e1 no pueda olvidarme de ti\u201d<\/em>, canta <strong>Levine <\/strong>en la canci\u00f3n, siendo esta la primera vez que canta en espa\u00f1ol.<\/p>\n<figure id=\"attachment_7105\" aria-describedby=\"caption-attachment-7105\" style=\"width: 756px\" class=\"wp-caption aligncenter\"><img loading=\"lazy\" loading=\"lazy\" decoding=\"async\" src=\"http:\/\/starsworldproduction.com\/web\/wp-content\/uploads\/2022\/10\/Maluma_21_2.png\" alt=\"Maluma y Adam Levine\" width=\"756\" height=\"424\" class=\"size-full wp-image-7105\" \/><figcaption id=\"caption-attachment-7105\" class=\"wp-caption-text\">Maluma y Adam Levine<\/figcaption><\/figure>\n<p class=\"story-contents__font-paragraph \" style=\"text-align: justify;\">Tras lanzar la canci\u00f3n, en redes sociales ambos artistas invitaron a sus seguidores a escuchar la canci\u00f3n. <strong>El artista paisa comparti\u00f3 el video en sus historias de Instagram y le dirigi\u00f3 unas palabras a sus fan\u00e1ticos mientras est\u00e1 trabajando en Tokio<\/strong>. \u201cEy mi gente, estamos de celebraci\u00f3n porque ya sali\u00f3 mi nueva canci\u00f3n con <strong>Adam Levine y The Rudeboyz<\/strong> &#8230; Muy feliz y agradecido, <strong>otro temazo para la historia<\/strong>. La vida me ha dado momentos inolvidables y este es uno de ellos\u201d, expres\u00f3 el paisa.<\/p>\n<p class=\"story-contents__font-paragraph \" style=\"text-align: justify;\">Por su parte, el artista que naci\u00f3 en <strong>Los \u00c1ngeles, California<\/strong>, public\u00f3 un video en sus redes sociales en el que se le ve departiendo con los artistas paisas, quienes le ense\u00f1an algunas palabras en espa\u00f1ol, especialmente <strong>expresiones muy antioque\u00f1as<\/strong>. En la descripci\u00f3n del video, <strong>Adam Levine escribi\u00f3 \u201cQue chimba parcero\u201d<\/strong> y a\u00f1adi\u00f3 un emotic\u00f3n de fuego.<\/p>\n<p><iframe loading=\"lazy\" width=\"560\" height=\"315\" src=\"https:\/\/www.youtube.com\/embed\/dF5amvVZXIM\" title=\"YouTube video player\" frameborder=\"0\" allow=\"accelerometer; autoplay; clipboard-write; encrypted-media; gyroscope; picture-in-picture\" allowfullscreen><\/iframe><\/p>\n<p class=\"story-contents__font-paragraph \" style=\"text-align: justify;\">Cabe destacar que aunque en la escena musical mundial Maluma y Adam Levine son grandes referentes, esta canci\u00f3n es el lanzamiento de los productores paisas que conforman <strong>The Rudeboyz<\/strong> como artistas. Bryan Lezcano Chaverra <strong>\u2018Chan El Genio\u2019<\/strong> y Kevin Mauricio Jim\u00e9nez Londo\u00f1o \u2018Kevin ADG\u2019 ya hab\u00edan trabajado anteriormente con Maluma en la producci\u00f3n de \u00e9xitos musicales como \u2018Hawaii\u2019, \u2018Felices los 4\u2032, \u2018Borr\u00f3 Cassette\u2019 y \u2018Chantaje\u2019, pero ahora quisieron hacerlo part\u00edcipe de este nuevo comienzo para ellos.<\/p>\n<p class=\"story-contents__font-paragraph \" style=\"text-align: justify;\">Al respecto de esta canci\u00f3n los productores paisas se\u00f1alaron que \u201cestamos iniciando una nueva etapa de nuestra carrera como productores-artistas junto a Maluma y Adam Levine. <strong>\u2018Ojal\u00e1\u2019 es una canci\u00f3n rom\u00e1ntica y a la vez bailable donde nos unimos a Maluma para afianzar su legado en la m\u00fasica acompa\u00f1ado de Adam Levine cantando en espa\u00f1ol por primera vez\u201d<\/strong>.<\/p>\n<p>&nbsp;<br \/>\n&nbsp;<\/p>\n<p>Fuente: <a href=\"https:\/\/www.infobae.com\/america\/colombia\/2022\/10\/21\/maluma-lanzo-su-nueva-cancion-junta-a-adam-levine-un-temazo-para-la-historia\/\">InfoBae.<\/a><\/p>\n","protected":false},"excerpt":{"rendered":"<p>\u2018Ojal\u00e1\u2019 es el nombre del sencillo que interpreta el colombiano junto al l\u00edder de la banda Maroon Five, el cual est\u00e1 acomp\u00f1aado por un divertido video en el que el paisa le ense\u00f1a al estadounidense algunas expresiones de su regi\u00f3n. &nbsp; Despu\u00e9s de varios meses de espera, la colaboraci\u00f3n entre Maluma y Adam Levine, de [&hellip;]<\/p>\n","protected":false},"author":1,"featured_media":7106,"comment_status":"open","ping_status":"open","sticky":false,"template":"","format":"standard","meta":{"footnotes":""},"categories":[121],"tags":[448,4653,4730,7907],"class_list":{"0":"post-7104","1":"post","2":"type-post","3":"status-publish","4":"format-standard","5":"has-post-thumbnail","7":"category-noticias-musicales","8":"tag-adam-levine","9":"tag-maluma","10":"tag-maroon-five","11":"tag-youtube"},"_links":{"self":[{"href":"https:\/\/starssworldproduction.com\/web\/wp-json\/wp\/v2\/posts\/7104","targetHints":{"allow":["GET"]}}],"collection":[{"href":"https:\/\/starssworldproduction.com\/web\/wp-json\/wp\/v2\/posts"}],"about":[{"href":"https:\/\/starssworldproduction.com\/web\/wp-json\/wp\/v2\/types\/post"}],"author":[{"embeddable":true,"href":"https:\/\/starssworldproduction.com\/web\/wp-json\/wp\/v2\/users\/1"}],"replies":[{"embeddable":true,"href":"https:\/\/starssworldproduction.com\/web\/wp-json\/wp\/v2\/comments?post=7104"}],"version-history":[{"count":0,"href":"https:\/\/starssworldproduction.com\/web\/wp-json\/wp\/v2\/posts\/7104\/revisions"}],"wp:featuredmedia":[{"embeddable":true,"href":"https:\/\/starssworldproduction.com\/web\/wp-json\/wp\/v2\/media\/7106"}],"wp:attachment":[{"href":"https:\/\/starssworldproduction.com\/web\/wp-json\/wp\/v2\/media?parent=7104"}],"wp:term":[{"taxonomy":"category","embeddable":true,"href":"https:\/\/starssworldproduction.com\/web\/wp-json\/wp\/v2\/categories?post=7104"},{"taxonomy":"post_tag","embeddable":true,"href":"https:\/\/starssworldproduction.com\/web\/wp-json\/wp\/v2\/tags?post=7104"}],"curies":[{"name":"wp","href":"https:\/\/api.w.org\/{rel}","templated":true}]}}