{"id":7238,"date":"2022-11-22T16:09:43","date_gmt":"2022-11-22T16:09:43","guid":{"rendered":"https:\/\/www.starsworldproduction.com\/?p=7238"},"modified":"2022-11-22T16:09:43","modified_gmt":"2022-11-22T16:09:43","slug":"5-canciones-clave-pablo-milanes-la-banda-sonora-una-generacion","status":"publish","type":"post","link":"https:\/\/starsworldproduction.com\/web\/2022\/11\/22\/5-canciones-clave-pablo-milanes-la-banda-sonora-una-generacion\/","title":{"rendered":"5 canciones clave de Pablo Milan\u00e9s, la banda sonora de una generaci\u00f3n"},"content":{"rendered":"<p>&nbsp;<\/p>\n<p class=\"story-contents__font-paragraph \" style=\"text-align: justify;\">El cantautor cubano <strong>Pablo Milan\u00e9s<\/strong> dej\u00f3 a su paso un legado musical marcado por la revoluci\u00f3n cubana \u2014de la que luego ser\u00eda cr\u00edtico\u2014 y fue fundador, junto a <strong>Pablo Milan\u00e9s <\/strong>de la Nueva Trova Cubana, un movimiento que surgi\u00f3 desde la revoluci\u00f3n de Fidel Castro, y que marc\u00f3 generaciones no solo en su pa\u00eds natal, sino m\u00e1s all\u00e1 de las fronteras.<\/p>\n<p class=\"story-contents__font-paragraph \" style=\"text-align: justify;\">Sus l\u00edricas son la \u00abvoz inseparable de la banda sonora\u00bb de toda una generaci\u00f3n, dijo el l\u00edder cubano <strong>Miguel D\u00edaz-Canel<\/strong> al lamentar su muerte, que ocurre, seg\u00fan el diario estatal Granma, el mismo a\u00f1o en que se cumplieron 50 a\u00f1os de la creaci\u00f3n de la Trova Cubana, una corriente estrechamente asociada a la creciente ola izquierdista en Am\u00e9rica Latina y cuyas canciones a menudo criticaban la pol\u00edtica estadounidense hacia la regi\u00f3n.<\/p>\n<p class=\"story-contents__font-paragraph \" style=\"text-align: justify;\">Sus canciones no solo ganaron fama en su voz, sino en las de artistas latinoamericanos como <strong>Victor Manuel y Ana Bel\u00e9n Luis Eduardo Aute, Mercedes Sosa, Marco Antonio Mu\u00f1iz, Armando Manzanero, Joaqu\u00edn Sabina, Joan Manuel Serrat y Carlos Varela, seg\u00fan Reuters<\/strong>.<\/p>\n<p class=\"story-contents__font-paragraph \" style=\"text-align: justify;\">El cantante, guitarrista y compositor cubano naci\u00f3 el 24 de febrero de 1943 en Bayamo, en Granma y grab\u00f3 su primer disco en 1965, seg\u00fan Granma. Ese disco, titulado \u00abMis 22 a\u00f1os\u00bb, es considerado el puente musical entre que lo llev\u00f3 a la Nueva Trova, dice el diario estatal.<\/p>\n<p class=\"story-contents__font-paragraph \" style=\"text-align: justify;\">El legado de Milan\u00e9s, poeta, cantor, m\u00fasico y revolucionario, se forj\u00f3 como <strong>\u00abla banda sonora de la identidad y la cultura cubanas\u00bb<\/strong>, dice Granma, a\u00f1adiendo la \u00abinmortalidad\u00bb de su obra que resuena en su \u00faltimo concierto en La Habana, el 21 de junio de 2022, cuando, seg\u00fan ese diario, la m\u00fasica traspas\u00f3 tiempo y espacio y a\u00fan se entonaban canciones que siguen en la memoria de las viejas y nuevas generaciones: \u00abSe dir\u00e1, con raz\u00f3n, que la obra de Pablo llega, impacta y crece en cualquier entorno\u00bb, <a href=\"https:\/\/redirect.viglink.com\/?format=go&#038;jsonp=vglnk_166913299001415&#038;key=18ad939d9fb5d59cc1cdb7878526937c&#038;libId=laseh05k0102i8py000DLez0vle2v&#038;loc=https%3A%2F%2Fcnnespanol.cnn.com%2F2022%2F11%2F22%2F5-canciones-pablo-milanes-banda-sonora-de-una-generacion-cuba-orix%2F&#038;ccpaConsent=1---&#038;v=1&#038;out=https%3A%2F%2Fwww.granma.cu%2Fcultura%2F2022-11-21%2Ffallecio-el-reconocido-trovador-cubano-pablo-milanes-21-11-2022-23-11-27&#038;ref=https%3A%2F%2Fcnnespanol.cnn.com%2Fseccion%2Fentretenimiento%2F&#038;title=5%20canciones%20clave%20de%20Pablo%20Milan%C3%A9s%2C%20la%20banda%20sonora%20de%20una%20generaci%C3%B3n&#038;txt=%20rese%C3%B1%C3%B3%20el%20diario%20estatal.\" rel=\"noopener\" target=\"_blank\">rese\u00f1\u00f3 el diario estatal<\/a>.<\/p>\n<p>En noviembre de 2015, la Academia Latina de la Grabaci\u00f3n le otorg\u00f3 el <strong>premio Grammy<\/strong> a la excelencia musical por una vida dedicada a su arte en una ceremonia en <strong>Las Vegas, Nevada<\/strong>.<\/p>\n<p class=\"story-contents__font-paragraph \" style=\"text-align: justify;\"><strong>Milan\u00e9s<\/strong>, considerado una de las voces de la revoluci\u00f3n, tambi\u00e9n ha criticado desde posiciones p\u00fablicas a Cuba debido a lo que ha considerado errores. De hecho, poco despu\u00e9s de las protestas hist\u00f3ricas en Cuba en julio de 2021, el cantautor firm\u00f3 un documento titulado \u00abManifiesto de la sociedad civil cubana\u00bb, en el que inst\u00f3 a reformas sociales y econ\u00f3micas \u00aburgentes\u00bb en Cuba.<\/p>\n<p><em>\u00abNuestro pa\u00eds necesita -con la uni\u00f3n de todos- dar pasos a nuevas voces y nuevas maneras de pensar, que reclaman nuestras leyes, nuevas libertades (&#8230;)\u00bb<\/em>, escribi\u00f3 tras firmar el documento, report\u00f3 Reuters.<\/p>\n<p>Durante su carrera <strong>Pablo Milan\u00e9s<\/strong> compuso \u00e9xitos conocidos mundialmente como <strong>\u00abYolanda\u00bb<\/strong>, <strong>\u00abEl breve momento en que no est\u00e1s\u00bb<\/strong>, \u00abDe qu\u00e9 callada manera\u00bb, entre otras.<\/p>\n<p><strong>Yolanda, 1970<\/strong><\/p>\n<p><iframe loading=\"lazy\" width=\"560\" height=\"315\" src=\"https:\/\/www.youtube.com\/embed\/D9boMSaKN-A\" title=\"YouTube video player\" frameborder=\"0\" allow=\"accelerometer; autoplay; clipboard-write; encrypted-media; gyroscope; picture-in-picture\" allowfullscreen><\/iframe><\/p>\n<p><strong>Para vivir, 1981<\/strong><br \/>\nEl breve momento en que no est\u00e1, 1984<\/p>\n<p><iframe loading=\"lazy\" width=\"560\" height=\"315\" src=\"https:\/\/www.youtube.com\/embed\/BO7fFngkNqg\" title=\"YouTube video player\" frameborder=\"0\" allow=\"accelerometer; autoplay; clipboard-write; encrypted-media; gyroscope; picture-in-picture\" allowfullscreen><\/iframe><\/p>\n<p><strong>De qu\u00e9 callada Manera, 1985<\/strong><\/p>\n<p><iframe loading=\"lazy\" width=\"560\" height=\"315\" src=\"https:\/\/www.youtube.com\/embed\/mkbJYj4LL0c\" title=\"YouTube video player\" frameborder=\"0\" allow=\"accelerometer; autoplay; clipboard-write; encrypted-media; gyroscope; picture-in-picture\" allowfullscreen><\/iframe><\/p>\n<p><strong>El amor de mi vida, 1999<\/strong><br \/>\n<iframe loading=\"lazy\" width=\"560\" height=\"315\" src=\"https:\/\/www.youtube.com\/embed\/RntFWs9EQn0\" title=\"YouTube video player\" frameborder=\"0\" allow=\"accelerometer; autoplay; clipboard-write; encrypted-media; gyroscope; picture-in-picture\" allowfullscreen><\/iframe><\/p>\n<p>&nbsp;<br \/>\n&nbsp;<\/p>\n<p>Fuente: <a href=\"https:\/\/cnnespanol.cnn.com\/2022\/11\/22\/5-canciones-pablo-milanes-banda-sonora-de-una-generacion-cuba-orix\/\">CNNEspa\u00f1ol.<\/a><\/p>\n","protected":false},"excerpt":{"rendered":"<p>&nbsp; El cantautor cubano Pablo Milan\u00e9s dej\u00f3 a su paso un legado musical marcado por la revoluci\u00f3n cubana \u2014de la que luego ser\u00eda cr\u00edtico\u2014 y fue fundador, junto a Pablo Milan\u00e9s de la Nueva Trova Cubana, un movimiento que surgi\u00f3 desde la revoluci\u00f3n de Fidel Castro, y que marc\u00f3 generaciones no solo en su pa\u00eds [&hellip;]<\/p>\n","protected":false},"author":1,"featured_media":7239,"comment_status":"open","ping_status":"open","sticky":false,"template":"","format":"standard","meta":{"footnotes":""},"categories":[121],"tags":[4598,5601,7907],"class_list":["post-7238","post","type-post","status-publish","format-standard","has-post-thumbnail","category-noticias-musicales","tag-luto","tag-pablo-milanes","tag-youtube"],"_links":{"self":[{"href":"https:\/\/starsworldproduction.com\/web\/wp-json\/wp\/v2\/posts\/7238","targetHints":{"allow":["GET"]}}],"collection":[{"href":"https:\/\/starsworldproduction.com\/web\/wp-json\/wp\/v2\/posts"}],"about":[{"href":"https:\/\/starsworldproduction.com\/web\/wp-json\/wp\/v2\/types\/post"}],"author":[{"embeddable":true,"href":"https:\/\/starsworldproduction.com\/web\/wp-json\/wp\/v2\/users\/1"}],"replies":[{"embeddable":true,"href":"https:\/\/starsworldproduction.com\/web\/wp-json\/wp\/v2\/comments?post=7238"}],"version-history":[{"count":0,"href":"https:\/\/starsworldproduction.com\/web\/wp-json\/wp\/v2\/posts\/7238\/revisions"}],"wp:featuredmedia":[{"embeddable":true,"href":"https:\/\/starsworldproduction.com\/web\/wp-json\/wp\/v2\/media\/7239"}],"wp:attachment":[{"href":"https:\/\/starsworldproduction.com\/web\/wp-json\/wp\/v2\/media?parent=7238"}],"wp:term":[{"taxonomy":"category","embeddable":true,"href":"https:\/\/starsworldproduction.com\/web\/wp-json\/wp\/v2\/categories?post=7238"},{"taxonomy":"post_tag","embeddable":true,"href":"https:\/\/starsworldproduction.com\/web\/wp-json\/wp\/v2\/tags?post=7238"}],"curies":[{"name":"wp","href":"https:\/\/api.w.org\/{rel}","templated":true}]}}