{"id":731,"date":"2019-03-01T14:30:31","date_gmt":"2019-03-01T14:30:31","guid":{"rendered":"https:\/\/www.starsworldproduction.com\/?p=731"},"modified":"2019-03-01T14:30:31","modified_gmt":"2019-03-01T14:30:31","slug":"bad-bunny-jimm-fallon-arman-tremenda-fiesta","status":"publish","type":"post","link":"https:\/\/starsworldproduction.com\/web\/2019\/03\/01\/bad-bunny-jimm-fallon-arman-tremenda-fiesta\/","title":{"rendered":"Bad Bunny y Jimmy Fallon arman tremenda fiesta en las calles de Puerto Rico"},"content":{"rendered":"<p style=\"text-align: justify;\">Finalmente<strong> Jimmy Fallon<\/strong>\u00a0y \u00abThe Tonight Show\u00bb se fueron a Puerto Rico para hacerle\u00a0una \u00abcarta de amor\u00bb a la isla, y con la participaci\u00f3n de\u00a0<strong>Lin-Manuel Miranda<\/strong>,\u00a0<strong>Ozuna<\/strong>,\u00a0<strong>Bad Bunny<\/strong>,\u00a0<strong>Jos\u00e9 Feliciano<\/strong>\u00a0y el chef y activista\u00a0<strong>Jos\u00e9 Andr\u00e9s<\/strong>, se logr\u00f3 el cometido y se arm\u00f3 una tremenda fiesta con sabor latino.<\/p>\n<p style=\"text-align: justify;\">En primer lugar el hurac\u00e1n Mar\u00eda fue devastador para Puerto Rico, pero con iniciativas como esta y con el trabajo de su gente, la isla sigue recuper\u00e1ndose y mostr\u00e1ndole al mundo todas las bellezas naturales y delicias gastron\u00f3micas que tiene para ofrecer.<\/p>\n<blockquote class=\"instagram-media\" style=\"background: #FFF; border: 0; border-radius: 3px; box-shadow: 0 0 1px 0 rgba(0,0,0,0.5),0 1px 10px 0 rgba(0,0,0,0.15); margin: 1px; max-width: 540px; min-width: 326px; padding: 0; width: calc(100% - 2px);\" data-instgrm-captioned=\"\" data-instgrm-permalink=\"https:\/\/www.instagram.com\/p\/Bsqqjy_hFmS\/?utm_source=ig_embed&amp;utm_medium=loading\" data-instgrm-version=\"12\">\n<div style=\"padding: 16px;\">\n<p>&nbsp;<\/p>\n<div style=\"display: flex; flex-direction: row; align-items: center;\"><\/div>\n<div style=\"padding: 19% 0;\"><\/div>\n<div style=\"display: block; height: 50px; margin: 0 auto 12px; width: 50px;\"><\/div>\n<div style=\"padding-top: 8px;\">\n<div style=\"color: #3897f0; font-family: Arial,sans-serif; font-size: 14px; font-style: normal; font-weight: 550; line-height: 18px;\">Ver esta publicaci\u00f3n en Instagram<\/div>\n<\/div>\n<div style=\"padding: 12.5% 0;\"><\/div>\n<div style=\"display: flex; flex-direction: row; margin-bottom: 14px; align-items: center;\"><\/div>\n<p>&nbsp;<\/p>\n<p style=\"margin: 8px 0 0 0; padding: 0 4px;\"><a style=\"color: #000; font-family: Arial,sans-serif; font-size: 14px; font-style: normal; font-weight: normal; line-height: 17px; text-decoration: none; word-wrap: break-word;\" href=\"https:\/\/www.instagram.com\/p\/Bsqqjy_hFmS\/?utm_source=ig_embed&amp;utm_medium=loading\" target=\"_blank\" rel=\"noopener\">An exclusive first look at #TonightShowPuertoRico! Tune into the special episode tonight, January 15th, at 11:35\/10:35c on @nbc!!!<\/a><\/p>\n<p style=\"color: #c9c8cd; font-family: Arial,sans-serif; font-size: 14px; line-height: 17px; margin-bottom: 0; margin-top: 8px; overflow: hidden; padding: 8px 0 7px; text-align: center; text-overflow: ellipsis; white-space: nowrap;\">Una publicaci\u00f3n compartida de <a style=\"color: #c9c8cd; font-family: Arial,sans-serif; font-size: 14px; font-style: normal; font-weight: normal; line-height: 17px;\" href=\"https:\/\/www.instagram.com\/fallontonight\/?utm_source=ig_embed&amp;utm_medium=loading\" target=\"_blank\" rel=\"noopener\"> The Tonight Show<\/a> (@fallontonight) el <time style=\"font-family: Arial,sans-serif; font-size: 14px; line-height: 17px;\" datetime=\"2019-01-15T19:19:05+00:00\">15 Ene, 2019 a las 11:19 PST<\/time><\/p>\n<\/div>\n<\/blockquote>\n<p><script src=\"\/\/www.instagram.com\/embed.js\" async=\"\"><\/script><\/p>\n<p>De la misma manera, justamente fue eso lo que comprob\u00f3 Jimmy Fallon en carne propia, pues para la grabaci\u00f3n de su programa comi\u00f3 en los mejores restaurantes locales, disfrut\u00f3 de las playas borinque\u00f1as y hasta se lanz\u00f3 de una espectacular\u00a0<em>zip-line<\/em>\u00a0para ver el territorio en todo su esplendor.Por la raz\u00f3n que junto con el reguetonero Bad\u00a0Bunny, el presentador de televisi\u00f3n sali\u00f3 a las calles del viejo San Juan para cantar\u00a0\u00abM\u00eda\u00bb al estilo carnaval.<\/p>\n<blockquote class=\"instagram-media\" style=\"background: #FFF; border: 0; border-radius: 3px; box-shadow: 0 0 1px 0 rgba(0,0,0,0.5),0 1px 10px 0 rgba(0,0,0,0.15); margin: 1px; max-width: 540px; min-width: 326px; padding: 0; width: calc(100% - 2px);\" data-instgrm-captioned=\"\" data-instgrm-permalink=\"https:\/\/www.instagram.com\/p\/Bsrrm1MhLZq\/?utm_source=ig_embed&amp;utm_medium=loading\" data-instgrm-version=\"12\">\n<div style=\"padding: 16px;\">\n<div style=\"display: flex; flex-direction: row; align-items: center;\"><\/div>\n<div style=\"padding: 19% 0;\"><\/div>\n<div style=\"display: block; height: 50px; margin: 0 auto 12px; width: 50px;\"><\/div>\n<div style=\"padding-top: 8px;\">\n<div style=\"color: #3897f0; font-family: Arial,sans-serif; font-size: 14px; font-style: normal; font-weight: 550; line-height: 18px;\">Ver esta publicaci\u00f3n en Instagram<\/div>\n<\/div>\n<div style=\"padding: 12.5% 0;\"><\/div>\n<div style=\"display: flex; flex-direction: row; margin-bottom: 14px; align-items: center;\"><\/div>\n<p>&nbsp;<\/p>\n<p><a style=\"color: #000; font-family: Arial,sans-serif; font-size: 14px; font-style: normal; font-weight: normal; line-height: 17px; text-decoration: none; word-wrap: break-word;\" href=\"https:\/\/www.instagram.com\/p\/Bsrrm1MhLZq\/?utm_source=ig_embed&amp;utm_medium=loading\" target=\"_blank\" rel=\"noopener\">@badbunnypr and Jimmy perform \u201cM\u00edA\u201d on the Streets of Old San Juan! Link in Bio! #TonightShowPuertoRico<\/a><\/p>\n<p>Una publicaci\u00f3n compartida de <a style=\"color: #c9c8cd; font-family: Arial,sans-serif; font-size: 14px; font-style: normal; font-weight: normal; line-height: 17px;\" href=\"https:\/\/www.instagram.com\/fallontonight\/?utm_source=ig_embed&amp;utm_medium=loading\" target=\"_blank\" rel=\"noopener\"> The Tonight Show<\/a> (@fallontonight) el <time style=\"font-family: Arial,sans-serif; font-size: 14px; line-height: 17px;\" datetime=\"2019-01-16T04:45:58+00:00\">15 Ene, 2019 a las 8:45 PST<\/time>\n<\/div>\n<\/blockquote>\n<p><script src=\"\/\/www.instagram.com\/embed.js\" async=\"\"><\/script><\/p>\n<p>Por lo tanto, \u00abMe siento como en casa\u00bb, dice Fallon al inicio del video en el que se encuentra con Bunny, y le asegura que est\u00e1 all\u00ed para gozar la fiesta. \u00abVamo&#8217; a romper, vamo&#8217; a romper\u00bb, contesta el cantante de m\u00fasica urbana, y de inmediato comienza a ocurrir la magia.<\/p>\n<p><iframe loading=\"lazy\" src=\"https:\/\/www.youtube.com\/embed\/zr8S_9dS2ks\" width=\"560\" height=\"315\" frameborder=\"0\" allowfullscreen=\"allowfullscreen\"><\/iframe><\/p>\n<p style=\"text-align: justify;\">A\u00fan m\u00e1s, \u00abLa pas\u00e9 muy bien bailando por la calle Fortaleza con Bad Bunny\u00bb, escribi\u00f3 Jimmy hace unos d\u00edas en su perfil de Instagram.<\/p>\n<blockquote class=\"instagram-media\" style=\"background: #FFF; border: 0; border-radius: 3px; box-shadow: 0 0 1px 0 rgba(0,0,0,0.5),0 1px 10px 0 rgba(0,0,0,0.15); margin: 1px; max-width: 540px; min-width: 326px; padding: 0; width: calc(100% - 2px);\" data-instgrm-captioned=\"\" data-instgrm-permalink=\"https:\/\/www.instagram.com\/p\/BsiozwRgWza\/?utm_source=ig_embed&amp;utm_medium=loading\" data-instgrm-version=\"12\">\n<div style=\"padding: 16px;\">\n<p>&nbsp;<\/p>\n<div style=\"display: flex; flex-direction: row; align-items: center;\"><\/div>\n<div style=\"padding: 19% 0;\"><\/div>\n<div style=\"display: block; height: 50px; margin: 0 auto 12px; width: 50px;\"><\/div>\n<div style=\"padding-top: 8px;\">\n<div style=\"color: #3897f0; font-family: Arial,sans-serif; font-size: 14px; font-style: normal; font-weight: 550; line-height: 18px;\">Ver esta publicaci\u00f3n en Instagram<\/div>\n<\/div>\n<div style=\"padding: 12.5% 0;\"><\/div>\n<div style=\"display: flex; flex-direction: row; margin-bottom: 14px; align-items: center;\"><\/div>\n<p>&nbsp;<\/p>\n<p style=\"margin: 8px 0 0 0; padding: 0 4px;\"><a style=\"color: #000; font-family: Arial,sans-serif; font-size: 14px; font-style: normal; font-weight: normal; line-height: 17px; text-decoration: none; word-wrap: break-word;\" href=\"https:\/\/www.instagram.com\/p\/BsiozwRgWza\/?utm_source=ig_embed&amp;utm_medium=loading\" target=\"_blank\" rel=\"noopener\">Filming today in Old San Juan for #TonightShowPuertoRico!! Had a great time dancing down Fortaleza Street with @badbunnypr. Love it here!!<\/a><\/p>\n<p style=\"color: #c9c8cd; font-family: Arial,sans-serif; font-size: 14px; line-height: 17px; margin-bottom: 0; margin-top: 8px; overflow: hidden; padding: 8px 0 7px; text-align: center; text-overflow: ellipsis; white-space: nowrap;\">Una publicaci\u00f3n compartida de <a style=\"color: #c9c8cd; font-family: Arial,sans-serif; font-size: 14px; font-style: normal; font-weight: normal; line-height: 17px;\" href=\"https:\/\/www.instagram.com\/jimmyfallon\/?utm_source=ig_embed&amp;utm_medium=loading\" target=\"_blank\" rel=\"noopener\"> Jimmy Fallon<\/a> (@jimmyfallon) el <time style=\"font-family: Arial,sans-serif; font-size: 14px; line-height: 17px;\" datetime=\"2019-01-12T16:28:21+00:00\">12 Ene, 2019 a las 8:28 PST<\/time><\/p>\n<\/div>\n<\/blockquote>\n<p><script src=\"\/\/www.instagram.com\/embed.js\" async=\"\"><\/script><\/p>\n<p>Como resultado, en el episodio de este jueves de \u00abThe Tonight Show\u00bb\u00a0estuvo Lin-Manuel Miranda con el reparto de \u00abHamilton\u00bb, musical que actualmente se presenta en la isla, y junto a Fallon ofreci\u00f3 una versi\u00f3n especial de \u00abThe Story of Tonight\u00bb.<\/p>\n<blockquote class=\"instagram-media\" style=\"background: #FFF; border: 0; border-radius: 3px; box-shadow: 0 0 1px 0 rgba(0,0,0,0.5),0 1px 10px 0 rgba(0,0,0,0.15); margin: 1px; max-width: 540px; min-width: 326px; padding: 0; width: calc(100% - 2px);\" data-instgrm-captioned=\"\" data-instgrm-permalink=\"https:\/\/www.instagram.com\/p\/BsrqtGJBV56\/?utm_source=ig_embed&amp;utm_medium=loading\" data-instgrm-version=\"12\">\n<div style=\"padding: 16px;\">\n<div style=\"display: flex; flex-direction: row; align-items: center;\"><\/div>\n<div style=\"padding: 19% 0;\"><\/div>\n<div style=\"display: block; height: 50px; margin: 0 auto 12px; width: 50px;\"><\/div>\n<div style=\"padding-top: 8px;\">\n<div style=\"color: #3897f0; font-family: Arial,sans-serif; font-size: 14px; font-style: normal; font-weight: 550; line-height: 18px;\">Ver esta publicaci\u00f3n en Instagram<\/div>\n<\/div>\n<div style=\"padding: 12.5% 0;\"><\/div>\n<div style=\"display: flex; flex-direction: row; margin-bottom: 14px; align-items: center;\"><\/div>\n<p>&nbsp;<\/p>\n<p><a style=\"color: #000; font-family: Arial,sans-serif; font-size: 14px; font-style: normal; font-weight: normal; line-height: 17px; text-decoration: none; word-wrap: break-word;\" href=\"https:\/\/www.instagram.com\/p\/BsrqtGJBV56\/?utm_source=ig_embed&amp;utm_medium=loading\" target=\"_blank\" rel=\"noopener\">@jimmyfallon joins Lin-Manuel Miranda and the @hamiltonmusical Cast for \u201cThe Story of Tonight\u201d in Puerto Rico #TonightShowPuertoRico<\/a><\/p>\n<p>Una publicaci\u00f3n compartida de <a style=\"color: #c9c8cd; font-family: Arial,sans-serif; font-size: 14px; font-style: normal; font-weight: normal; line-height: 17px;\" href=\"https:\/\/www.instagram.com\/fallontonight\/?utm_source=ig_embed&amp;utm_medium=loading\" target=\"_blank\" rel=\"noopener\"> The Tonight Show<\/a> (@fallontonight) el <time style=\"font-family: Arial,sans-serif; font-size: 14px; line-height: 17px;\" datetime=\"2019-01-16T04:38:39+00:00\">15 Ene, 2019 a las 8:38 PST<\/time>\n<\/div>\n<\/blockquote>\n<p><script src=\"\/\/www.instagram.com\/embed.js\" async=\"\"><\/script><\/p>\n<p>Sin duda para cerrar la noche, Jos\u00e9 Feliciano y Ozuna ofrecieron una c\u00e1lida serenata, con sus guitarras y bajo la luz de la luna, cantando el cl\u00e1sico \u00abEn mi Viejo San Juan\u00bb.<\/p>\n<p>Por encima de todo \u00abGracias, Puerto Rico\u00bb, expres\u00f3 Jimmy Fallon y comparti\u00f3 en su perfil personal varias im\u00e1genes de su divertida experiencia.<\/p>\n<blockquote class=\"instagram-media\" style=\"background: #FFF; border: 0; border-radius: 3px; box-shadow: 0 0 1px 0 rgba(0,0,0,0.5),0 1px 10px 0 rgba(0,0,0,0.15); margin: 1px; max-width: 540px; min-width: 326px; padding: 0; width: calc(100% - 2px);\" data-instgrm-captioned=\"\" data-instgrm-permalink=\"https:\/\/www.instagram.com\/p\/Bsrh1IfgQhl\/?utm_source=ig_embed&amp;utm_medium=loading\" data-instgrm-version=\"12\">\n<div style=\"padding: 16px;\">\n<p>&nbsp;<\/p>\n<div style=\"display: flex; flex-direction: row; align-items: center;\"><\/div>\n<div style=\"padding: 19% 0;\"><\/div>\n<div style=\"display: block; height: 50px; margin: 0 auto 12px; width: 50px;\"><\/div>\n<div style=\"padding-top: 8px;\">\n<div style=\"color: #3897f0; font-family: Arial,sans-serif; font-size: 14px; font-style: normal; font-weight: 550; line-height: 18px;\">Ver esta publicaci\u00f3n en Instagram<\/div>\n<\/div>\n<div style=\"padding: 12.5% 0;\"><\/div>\n<div style=\"display: flex; flex-direction: row; margin-bottom: 14px; align-items: center;\"><\/div>\n<p>&nbsp;<\/p>\n<p style=\"margin: 8px 0 0 0; padding: 0 4px;\"><a style=\"color: #000; font-family: Arial,sans-serif; font-size: 14px; font-style: normal; font-weight: normal; line-height: 17px; text-decoration: none; word-wrap: break-word;\" href=\"https:\/\/www.instagram.com\/p\/Bsrh1IfgQhl\/?utm_source=ig_embed&amp;utm_medium=loading\" target=\"_blank\" rel=\"noopener\">Thank you, Puerto Rico! Excited to share the show with you tonight!!#TonightShowPuertoRico<\/a><\/p>\n<p style=\"color: #c9c8cd; font-family: Arial,sans-serif; font-size: 14px; line-height: 17px; margin-bottom: 0; margin-top: 8px; overflow: hidden; padding: 8px 0 7px; text-align: center; text-overflow: ellipsis; white-space: nowrap;\">Una publicaci\u00f3n compartida de <a style=\"color: #c9c8cd; font-family: Arial,sans-serif; font-size: 14px; font-style: normal; font-weight: normal; line-height: 17px;\" href=\"https:\/\/www.instagram.com\/jimmyfallon\/?utm_source=ig_embed&amp;utm_medium=loading\" target=\"_blank\" rel=\"noopener\"> Jimmy Fallon<\/a> (@jimmyfallon) el <time style=\"font-family: Arial,sans-serif; font-size: 14px; line-height: 17px;\" datetime=\"2019-01-16T03:20:33+00:00\">15 Ene, 2019 a las 7:20 PST<\/time><\/p>\n<\/div>\n<\/blockquote>\n<p><script src=\"\/\/www.instagram.com\/embed.js\" async=\"\"><\/script><\/p>\n<p>&nbsp;<\/p>\n<h6>Fuente: Telemundo<\/h6>\n","protected":false},"excerpt":{"rendered":"<p>Finalmente Jimmy Fallon\u00a0y \u00abThe Tonight Show\u00bb se fueron a Puerto Rico para hacerle\u00a0una \u00abcarta de amor\u00bb a la isla, y con la participaci\u00f3n de\u00a0Lin-Manuel Miranda,\u00a0Ozuna,\u00a0Bad Bunny,\u00a0Jos\u00e9 Feliciano\u00a0y el chef y activista\u00a0Jos\u00e9 Andr\u00e9s, se logr\u00f3 el cometido y se arm\u00f3 una tremenda fiesta con sabor latino. En primer lugar el hurac\u00e1n Mar\u00eda fue devastador para Puerto [&hellip;]<\/p>\n","protected":false},"author":1,"featured_media":741,"comment_status":"open","ping_status":"open","sticky":false,"template":"","format":"standard","meta":{"footnotes":""},"categories":[121],"tags":[964,1086,1275,1403,1508,2155,2228,2663,2826,3065,3312,3321,3449,3589,3744,3906,3958,3964,4429,4882,4958,5160,5589,5822,6159,6371,6435,6447,6638,6685,7281,7729,7938],"class_list":["post-731","post","type-post","status-publish","format-standard","has-post-thumbnail","category-noticias-musicales","tag-bad-bunny","tag-bellezas-naturales","tag-bunny","tag-cantante","tag-carta-de-amor","tag-delicias-gastronomicas","tag-devastador","tag-en-mi-viejo-san-juan","tag-estilo-carnaval","tag-fiesta-con-sabor-latino","tag-grabacion-de-su-programa","tag-gracias","tag-hamilton","tag-huracan-maria","tag-instagram","tag-jimmy-fallon","tag-jose-andres","tag-jose-feliciano","tag-lin-manuel-miranda","tag-mejores-restaurantes-locales","tag-mia","tag-musica-urbana","tag-ozuna","tag-playas-borinquenas","tag-puerto-rico","tag-reguetonero","tag-resentador-de-television","tag-restaurantes-locales","tag-sabor-latino","tag-san-juan","tag-the-tonight-show","tag-viejo-san-juan","tag-zip-line"],"_links":{"self":[{"href":"https:\/\/starsworldproduction.com\/web\/wp-json\/wp\/v2\/posts\/731","targetHints":{"allow":["GET"]}}],"collection":[{"href":"https:\/\/starsworldproduction.com\/web\/wp-json\/wp\/v2\/posts"}],"about":[{"href":"https:\/\/starsworldproduction.com\/web\/wp-json\/wp\/v2\/types\/post"}],"author":[{"embeddable":true,"href":"https:\/\/starsworldproduction.com\/web\/wp-json\/wp\/v2\/users\/1"}],"replies":[{"embeddable":true,"href":"https:\/\/starsworldproduction.com\/web\/wp-json\/wp\/v2\/comments?post=731"}],"version-history":[{"count":0,"href":"https:\/\/starsworldproduction.com\/web\/wp-json\/wp\/v2\/posts\/731\/revisions"}],"wp:featuredmedia":[{"embeddable":true,"href":"https:\/\/starsworldproduction.com\/web\/wp-json\/wp\/v2\/media\/741"}],"wp:attachment":[{"href":"https:\/\/starsworldproduction.com\/web\/wp-json\/wp\/v2\/media?parent=731"}],"wp:term":[{"taxonomy":"category","embeddable":true,"href":"https:\/\/starsworldproduction.com\/web\/wp-json\/wp\/v2\/categories?post=731"},{"taxonomy":"post_tag","embeddable":true,"href":"https:\/\/starsworldproduction.com\/web\/wp-json\/wp\/v2\/tags?post=731"}],"curies":[{"name":"wp","href":"https:\/\/api.w.org\/{rel}","templated":true}]}}