{"id":7394,"date":"2023-02-20T15:07:39","date_gmt":"2023-02-20T15:07:39","guid":{"rendered":"https:\/\/www.starsworldproduction.com\/?p=7394"},"modified":"2023-02-20T15:07:39","modified_gmt":"2023-02-20T15:07:39","slug":"una-reina-myriam-hernandez-se-une-karol-g-show-vina-2023","status":"publish","type":"post","link":"https:\/\/starsworldproduction.com\/web\/2023\/02\/20\/una-reina-myriam-hernandez-se-une-karol-g-show-vina-2023\/","title":{"rendered":"\u201cES UNA REINA\u201d: MYRIAM HERN\u00c1NDEZ SE UNE A KAROL G EN SU SHOW DE VI\u00d1A 2023"},"content":{"rendered":"<p><em><strong>La \u201cBichota\u201d invit\u00f3 a la artista nacional al escenario de la Quinta Vergara a interpretar una de las canciones m\u00e1s conocidas de la chilena: \u201cEl hombre que yo amo\u201d.<\/strong><\/em><br \/>\n&nbsp;<\/p>\n<p class=\"story-contents__font-paragraph \" style=\"text-align: justify;\"><a href=\"https:\/\/www.adnradio.cl\/vina\/festival-de-vina\/2023\/02\/19\/si-me-lo-pide-ella-myriam-hernandez-arriba-a-la-quinta-vergara-tras-rumores-de-colaboracion-con-karol-g-en-vina-2023.html\" rel=\"noopener\" target=\"_blank\">Los rumores eran ciertos<\/a>. La cantante <strong>Myriam Hern\u00e1ndez<\/strong> se uni\u00f3 este domingo a la colombiana <strong>Karol G<\/strong> durante su primera presentaci\u00f3n en el <strong>Festival de Vi\u00f1a del Mar<\/strong>. <\/p>\n<p class=\"story-contents__font-paragraph \" style=\"text-align: justify;\">La \u201cBichota\u201d invit\u00f3 a su par nacional al escenario de la <strong>Quinta Vergara<\/strong> a interpretar una de las canciones m\u00e1s conocidas de la chilena: <strong>El hombre que yo amo<\/strong>. <\/p>\n<p class=\"story-contents__font-paragraph \" style=\"text-align: justify;\">Karol G al momento de presentar a Myriam Hern\u00e1ndez reconoci\u00f3 estar <strong>\u201cmuy nerviosa\u201d<\/strong> por cantar en Vi\u00f1a 2023 junto a quien admiti\u00f3 es una de sus grandes referentes de la m\u00fasica.  <\/p>\n<p class=\"story-contents__font-paragraph \" style=\"text-align: justify;\">\u201cTengo una invitada especial. Me estoy poniendo m\u00e1s nerviosa de lo que ya estaba. Toda mi vida he cantado esta canci\u00f3n, y esta noche es como una examen para m\u00ed, tenerla en este escenario, es una reina, es una maestra de la m\u00fasica\u201d, dijo la int\u00e9rprete de Gat\u00fabela al presentar a la chilena. <\/p>\n<p><strong>El retorno de la Quinta<\/strong><\/p>\n<p class=\"story-contents__font-paragraph \" style=\"text-align: justify;\">Con un <em>outfit <\/em>perfecto para la ocasi\u00f3n, de chaqueta negra llena de brillos, Myriam Hern\u00e1ndez cant\u00f3 junto a Karol G una innovadora versi\u00f3n de El hombre que yo amo, para luego regalarle sobre el escenario de la Quinta, una flor roja a la colombiana. <\/p>\n<p class=\"story-contents__font-paragraph \" style=\"text-align: justify;\"><strong>\u201cReina preciosa. Gracias Karol, gracias Vi\u00f1a, los extra\u00f1aba. Hace 17 a\u00f1os que no estaba, gracias por traerme de nuevo Karol\u201d<\/strong>, dijo la cantante nacional tras su presentaci\u00f3n en el certamen. <\/p>\n<p>Estas palabras fueron respondidas por la artista urbana, quien sostuvo: <strong>\u201cMe desmay\u00e9\u201d<\/strong>. Tras esto, Karol G pidi\u00f3 aplausos del \u201cmonstruo\u201d para Myriam.<\/p>\n<p><strong>Revive a continuaci\u00f3n el show de Karol G y Myriam Hern\u00e1ndez en Vi\u00f1a 2023:<\/strong><\/p>\n<p><iframe loading=\"lazy\" width=\"560\" height=\"315\" src=\"https:\/\/www.youtube.com\/embed\/6hvu2GXYr8o\" title=\"YouTube video player\" frameborder=\"0\" allow=\"accelerometer; autoplay; clipboard-write; encrypted-media; gyroscope; picture-in-picture; web-share\" allowfullscreen><\/iframe><\/p>\n<p>&nbsp;<br \/>\n&nbsp;<\/p>\n<p>Fuente: <a href=\"https:\/\/www.adnradio.cl\/vina\/festival-de-vina\/2023\/02\/19\/es-una-reina-myriam-hernandez-se-une-a-karol-g-en-su-show-de-vina-2023.html\">ADNRadio.<\/a><\/p>\n","protected":false},"excerpt":{"rendered":"<p>La \u201cBichota\u201d invit\u00f3 a la artista nacional al escenario de la Quinta Vergara a interpretar una de las canciones m\u00e1s conocidas de la chilena: \u201cEl hombre que yo amo\u201d. &nbsp; Los rumores eran ciertos. La cantante Myriam Hern\u00e1ndez se uni\u00f3 este domingo a la colombiana Karol G durante su primera presentaci\u00f3n en el Festival de [&hellip;]<\/p>\n","protected":false},"author":1,"featured_media":7395,"comment_status":"open","ping_status":"open","sticky":false,"template":"","format":"standard","meta":{"footnotes":""},"categories":[121],"tags":[3050,4080,5179,7907],"class_list":["post-7394","post","type-post","status-publish","format-standard","has-post-thumbnail","category-noticias-musicales","tag-festival-de-vina-del-mar","tag-karolg","tag-myriam-hernandez","tag-youtube"],"_links":{"self":[{"href":"https:\/\/starsworldproduction.com\/web\/wp-json\/wp\/v2\/posts\/7394","targetHints":{"allow":["GET"]}}],"collection":[{"href":"https:\/\/starsworldproduction.com\/web\/wp-json\/wp\/v2\/posts"}],"about":[{"href":"https:\/\/starsworldproduction.com\/web\/wp-json\/wp\/v2\/types\/post"}],"author":[{"embeddable":true,"href":"https:\/\/starsworldproduction.com\/web\/wp-json\/wp\/v2\/users\/1"}],"replies":[{"embeddable":true,"href":"https:\/\/starsworldproduction.com\/web\/wp-json\/wp\/v2\/comments?post=7394"}],"version-history":[{"count":0,"href":"https:\/\/starsworldproduction.com\/web\/wp-json\/wp\/v2\/posts\/7394\/revisions"}],"wp:featuredmedia":[{"embeddable":true,"href":"https:\/\/starsworldproduction.com\/web\/wp-json\/wp\/v2\/media\/7395"}],"wp:attachment":[{"href":"https:\/\/starsworldproduction.com\/web\/wp-json\/wp\/v2\/media?parent=7394"}],"wp:term":[{"taxonomy":"category","embeddable":true,"href":"https:\/\/starsworldproduction.com\/web\/wp-json\/wp\/v2\/categories?post=7394"},{"taxonomy":"post_tag","embeddable":true,"href":"https:\/\/starsworldproduction.com\/web\/wp-json\/wp\/v2\/tags?post=7394"}],"curies":[{"name":"wp","href":"https:\/\/api.w.org\/{rel}","templated":true}]}}