{"id":771,"date":"2019-01-24T23:30:52","date_gmt":"2019-01-24T23:30:52","guid":{"rendered":"https:\/\/www.starsworldproduction.com\/?p=771"},"modified":"2019-01-24T23:30:52","modified_gmt":"2019-01-24T23:30:52","slug":"natti-natasha-encabeza-la-lista-de-los-nominados-premio-lo-nuestro-2019","status":"publish","type":"post","link":"https:\/\/starsworldproduction.com\/web\/2019\/01\/24\/natti-natasha-encabeza-la-lista-de-los-nominados-premio-lo-nuestro-2019\/","title":{"rendered":"Natti Natasha encabeza la lista de los nominados a Premio Lo Nuestro 2019"},"content":{"rendered":"<p style=\"text-align: justify;\">Finalmente la esperada noche de <strong>Premio Lo Nuestro<\/strong> se acerca y la cadena Univision promete dar a su p\u00fablico un espect\u00e1culo que le apuesta a una nueva era de la premiaci\u00f3n con nuevas categor\u00edas adaptadas a los nuevos gustos.<\/p>\n<p style=\"text-align: justify;\">Ademas las nominaciones a 28 categor\u00edas diferentes est\u00e1n reci\u00e9n salidas del horno. Tambi\u00e9n los fan\u00e1ticos de cada artista y la audiencia de la cadena podr\u00e1n empezar a votar por sus favoritos.<\/p>\n<p style=\"text-align: justify;\">Por encima de todo <strong>Natti Natasha<\/strong>\u00a0encabeza la lista de nominados que compiten por el codiciado galard\u00f3n con 15 nominaciones. De la misma manera la dominicana le siguen Bad Bunny\u00a0y\u00a0J Balvin\u00a0con 12 nominaciones cada uno;\u00a0Ozuna\u00a0con 10;\u00a0Nicky Jam\u00a0con 8;\u00a0Becky G,\u00a0Maluma\u00a0y\u00a0Wisin, cada uno con 7 nominaciones;\u00a0Reik\u00a0con 6, y\u00a0Calibre 50,\u00a0Carlos Vives,\u00a0Daddy Yankeey\u00a0Enrique Iglesias\u00a0con 5 nominaciones cada uno.<\/p>\n<p style=\"text-align: justify;\">A continuaci\u00f3n te presentamos algunos de nominados a Premio Lo Nuestro 2019.<\/p>\n<blockquote class=\"instagram-media\" style=\"background: #FFF; border: 0; border-radius: 3px; box-shadow: 0 0 1px 0 rgba(0,0,0,0.5),0 1px 10px 0 rgba(0,0,0,0.15); margin: 1px; max-width: 540px; min-width: 326px; padding: 0; width: calc(100% - 2px);\" data-instgrm-captioned=\"\" data-instgrm-permalink=\"https:\/\/www.instagram.com\/p\/BsX2WagFES4\/?utm_source=ig_embed&amp;utm_medium=loading\" data-instgrm-version=\"12\">\n<div style=\"padding: 16px;\">\n<p>&nbsp;<\/p>\n<div style=\"display: flex; flex-direction: row; align-items: center;\"><\/div>\n<div style=\"padding: 19% 0;\"><\/div>\n<div style=\"display: block; height: 50px; margin: 0 auto 12px; width: 50px;\"><\/div>\n<div style=\"padding-top: 8px;\">\n<div style=\"color: #3897f0; font-family: Arial,sans-serif; font-size: 14px; font-style: normal; font-weight: 550; line-height: 18px;\">Ver esta publicaci\u00f3n en Instagram<\/div>\n<\/div>\n<div style=\"padding: 12.5% 0;\"><\/div>\n<div style=\"display: flex; flex-direction: row; margin-bottom: 14px; align-items: center;\"><\/div>\n<p>&nbsp;<\/p>\n<p style=\"margin: 8px 0 0 0; padding: 0 4px;\"><a style=\"color: #000; font-family: Arial,sans-serif; font-size: 14px; font-style: normal; font-weight: normal; line-height: 17px; text-decoration: none; word-wrap: break-word;\" href=\"https:\/\/www.instagram.com\/p\/BsX2WagFES4\/?utm_source=ig_embed&amp;utm_medium=loading\" target=\"_blank\" rel=\"noopener\">Los nominados a GRUPO O D\u00daO DEL A\u00d1O \u2013 POP\/ROCK son @cncomusic, @mauyricky, @piso21music y @reikmx. Tu voto decide quien gana. Tienes \u202ahasta el 21 de Enero\u202c para votar. \u00a1VOTA YA! #PremioLoNuestro<\/a><\/p>\n<p style=\"color: #c9c8cd; font-family: Arial,sans-serif; font-size: 14px; line-height: 17px; margin-bottom: 0; margin-top: 8px; overflow: hidden; padding: 8px 0 7px; text-align: center; text-overflow: ellipsis; white-space: nowrap;\">Una publicaci\u00f3n compartida de <a style=\"color: #c9c8cd; font-family: Arial,sans-serif; font-size: 14px; font-style: normal; font-weight: normal; line-height: 17px;\" href=\"https:\/\/www.instagram.com\/premiolonuestro\/?utm_source=ig_embed&amp;utm_medium=loading\" target=\"_blank\" rel=\"noopener\"> Premio Lo Nuestro<\/a> (@premiolonuestro) el <time style=\"font-family: Arial,sans-serif; font-size: 14px; line-height: 17px;\" datetime=\"2019-01-08T12:00:20+00:00\">8 Ene, 2019 a las 4:00 PST<\/time><\/p>\n<\/div>\n<\/blockquote>\n<p><script src=\"\/\/www.instagram.com\/embed.js\" async=\"\"><\/script><\/p>\n<blockquote class=\"instagram-media\" style=\"background: #FFF; border: 0; border-radius: 3px; box-shadow: 0 0 1px 0 rgba(0,0,0,0.5),0 1px 10px 0 rgba(0,0,0,0.15); margin: 1px; max-width: 540px; min-width: 326px; padding: 0; width: calc(100% - 2px);\" data-instgrm-captioned=\"\" data-instgrm-permalink=\"https:\/\/www.instagram.com\/p\/BsX6GD5lm0o\/?utm_source=ig_embed&amp;utm_medium=loading\" data-instgrm-version=\"12\">\n<div style=\"padding: 16px;\">\n<div style=\"display: flex; flex-direction: row; align-items: center;\"><\/div>\n<div style=\"padding: 19% 0;\"><\/div>\n<div style=\"display: block; height: 50px; margin: 0 auto 12px; width: 50px;\"><\/div>\n<div style=\"padding-top: 8px;\">\n<div style=\"color: #3897f0; font-family: Arial,sans-serif; font-size: 14px; font-style: normal; font-weight: 550; line-height: 18px;\">Ver esta publicaci\u00f3n en Instagram<\/div>\n<\/div>\n<div style=\"padding: 12.5% 0;\"><\/div>\n<div style=\"display: flex; flex-direction: row; margin-bottom: 14px; align-items: center;\"><\/div>\n<p>&nbsp;<\/p>\n<p><a style=\"color: #000; font-family: Arial,sans-serif; font-size: 14px; font-style: normal; font-weight: normal; line-height: 17px; text-decoration: none; word-wrap: break-word;\" href=\"https:\/\/www.instagram.com\/p\/BsX6GD5lm0o\/?utm_source=ig_embed&amp;utm_medium=loading\" target=\"_blank\" rel=\"noopener\">Los nominados a CANCI\u00d3N DEL A\u00d1O \u2013 POP\/ROCK son @maluma, @ricky_martin, @wisinyyandel, @piso21music, @reikmx, @ozuna, @wisin y @nacho. Tu voto decide quien gana. Tienes \u202ahasta el 21 de Enero\u202c para votar. \u00a1VOTA YA! #PremioLoNuestro<\/a><\/p>\n<p>Una publicaci\u00f3n compartida de <a style=\"color: #c9c8cd; font-family: Arial,sans-serif; font-size: 14px; font-style: normal; font-weight: normal; line-height: 17px;\" href=\"https:\/\/www.instagram.com\/premiolonuestro\/?utm_source=ig_embed&amp;utm_medium=loading\" target=\"_blank\" rel=\"noopener\"> Premio Lo Nuestro<\/a> (@premiolonuestro) el <time style=\"font-family: Arial,sans-serif; font-size: 14px; line-height: 17px;\" datetime=\"2019-01-08T12:33:05+00:00\">8 Ene, 2019 a las 4:33 PST<\/time>\n<\/div>\n<\/blockquote>\n<p><script src=\"\/\/www.instagram.com\/embed.js\" async=\"\"><\/script><\/p>\n<blockquote class=\"instagram-media\" style=\"background: #FFF; border: 0; border-radius: 3px; box-shadow: 0 0 1px 0 rgba(0,0,0,0.5),0 1px 10px 0 rgba(0,0,0,0.15); margin: 1px; max-width: 540px; min-width: 326px; padding: 0; width: calc(100% - 2px);\" data-instgrm-captioned=\"\" data-instgrm-permalink=\"https:\/\/www.instagram.com\/p\/BsX7vx_FJTe\/?utm_source=ig_embed&amp;utm_medium=loading\" data-instgrm-version=\"12\">\n<div style=\"padding: 16px;\">\n<p>&nbsp;<\/p>\n<div style=\"display: flex; flex-direction: row; align-items: center;\"><\/div>\n<div style=\"padding: 19% 0;\"><\/div>\n<div style=\"display: block; height: 50px; margin: 0 auto 12px; width: 50px;\"><\/div>\n<div style=\"padding-top: 8px;\">\n<div style=\"color: #3897f0; font-family: Arial,sans-serif; font-size: 14px; font-style: normal; font-weight: 550; line-height: 18px;\">Ver esta publicaci\u00f3n en Instagram<\/div>\n<\/div>\n<div style=\"padding: 12.5% 0;\"><\/div>\n<div style=\"display: flex; flex-direction: row; margin-bottom: 14px; align-items: center;\"><\/div>\n<p>&nbsp;<\/p>\n<p style=\"margin: 8px 0 0 0; padding: 0 4px;\"><a style=\"color: #000; font-family: Arial,sans-serif; font-size: 14px; font-style: normal; font-weight: normal; line-height: 17px; text-decoration: none; word-wrap: break-word;\" href=\"https:\/\/www.instagram.com\/p\/BsX7vx_FJTe\/?utm_source=ig_embed&amp;utm_medium=loading\" target=\"_blank\" rel=\"noopener\">Los nominados a ARTISTA DEL A\u00d1O \u2013 POP\/ROCK son @juanes, @maluma, @ricky_martin, @shakira y @thalia. Tu voto decide quien gana. Tienes \u202ahasta el 21 de Enero\u202c para votar. \u00a1VOTA YA! #PremioLoNuestro<\/a><\/p>\n<p style=\"color: #c9c8cd; font-family: Arial,sans-serif; font-size: 14px; line-height: 17px; margin-bottom: 0; margin-top: 8px; overflow: hidden; padding: 8px 0 7px; text-align: center; text-overflow: ellipsis; white-space: nowrap;\">Una publicaci\u00f3n compartida de <a style=\"color: #c9c8cd; font-family: Arial,sans-serif; font-size: 14px; font-style: normal; font-weight: normal; line-height: 17px;\" href=\"https:\/\/www.instagram.com\/premiolonuestro\/?utm_source=ig_embed&amp;utm_medium=loading\" target=\"_blank\" rel=\"noopener\"> Premio Lo Nuestro<\/a> (@premiolonuestro) el <time style=\"font-family: Arial,sans-serif; font-size: 14px; line-height: 17px;\" datetime=\"2019-01-08T12:45:49+00:00\">8 Ene, 2019 a las 4:45 PST<\/time><\/p>\n<\/div>\n<\/blockquote>\n<p><script src=\"\/\/www.instagram.com\/embed.js\" async=\"\"><\/script><\/p>\n<blockquote class=\"instagram-media\" style=\"background: #FFF; border: 0; border-radius: 3px; box-shadow: 0 0 1px 0 rgba(0,0,0,0.5),0 1px 10px 0 rgba(0,0,0,0.15); margin: 1px; max-width: 540px; min-width: 326px; padding: 0; width: calc(100% - 2px);\" data-instgrm-captioned=\"\" data-instgrm-permalink=\"https:\/\/www.instagram.com\/p\/BsX8dOwlBjE\/?utm_source=ig_embed&amp;utm_medium=loading\" data-instgrm-version=\"12\">\n<div style=\"padding: 16px;\">\n<div style=\"display: flex; flex-direction: row; align-items: center;\"><\/div>\n<div style=\"padding: 19% 0;\"><\/div>\n<div style=\"display: block; height: 50px; margin: 0 auto 12px; width: 50px;\"><\/div>\n<div style=\"padding-top: 8px;\">\n<div style=\"color: #3897f0; font-family: Arial,sans-serif; font-size: 14px; font-style: normal; font-weight: 550; line-height: 18px;\">Ver esta publicaci\u00f3n en Instagram<\/div>\n<\/div>\n<div style=\"padding: 12.5% 0;\"><\/div>\n<div style=\"display: flex; flex-direction: row; margin-bottom: 14px; align-items: center;\"><\/div>\n<p>&nbsp;<\/p>\n<p><a style=\"color: #000; font-family: Arial,sans-serif; font-size: 14px; font-style: normal; font-weight: normal; line-height: 17px; text-decoration: none; word-wrap: break-word;\" href=\"https:\/\/www.instagram.com\/p\/BsX8dOwlBjE\/?utm_source=ig_embed&amp;utm_medium=loading\" target=\"_blank\" rel=\"noopener\">Los nominados a V\u00cdDEO DEL A\u00d1O son @sofiareyes, @jasonderulo, @delaghettoreal, @lelepons, @maluma, @piso21music, @rosalia.vt, @karolg, @jbalvin, @nickyjampr, @bebetooficial, @residente, @dillonfrancis, @cabralu, @pabloalboran, @sebastianyatra y @mauyricky. Tu voto decide quien gana. Tienes \u202ahasta el 21 de Enero\u202c para votar. \u00a1VOTA YA! #PremioLoNuestro<\/a><\/p>\n<p>Una publicaci\u00f3n compartida de <a style=\"color: #c9c8cd; font-family: Arial,sans-serif; font-size: 14px; font-style: normal; font-weight: normal; line-height: 17px;\" href=\"https:\/\/www.instagram.com\/premiolonuestro\/?utm_source=ig_embed&amp;utm_medium=loading\" target=\"_blank\" rel=\"noopener\"> Premio Lo Nuestro<\/a> (@premiolonuestro) el <time style=\"font-family: Arial,sans-serif; font-size: 14px; line-height: 17px;\" datetime=\"2019-01-08T12:53:40+00:00\">8 Ene, 2019 a las 4:53 PST<\/time>\n<\/div>\n<\/blockquote>\n<p><script src=\"\/\/www.instagram.com\/embed.js\" async=\"\"><\/script><\/p>\n<blockquote class=\"instagram-media\" style=\"background: #FFF; border: 0; border-radius: 3px; box-shadow: 0 0 1px 0 rgba(0,0,0,0.5),0 1px 10px 0 rgba(0,0,0,0.15); margin: 1px; max-width: 540px; min-width: 326px; padding: 0; width: calc(100% - 2px);\" data-instgrm-captioned=\"\" data-instgrm-permalink=\"https:\/\/www.instagram.com\/p\/BsX6xScHwKq\/?utm_source=ig_embed&amp;utm_medium=loading\" data-instgrm-version=\"12\">\n<div style=\"padding: 16px;\">\n<p>&nbsp;<\/p>\n<div style=\"display: flex; flex-direction: row; align-items: center;\"><\/div>\n<div style=\"padding: 19% 0;\"><\/div>\n<div style=\"display: block; height: 50px; margin: 0 auto 12px; width: 50px;\"><\/div>\n<div style=\"padding-top: 8px;\">\n<div style=\"color: #3897f0; font-family: Arial,sans-serif; font-size: 14px; font-style: normal; font-weight: 550; line-height: 18px;\">Ver esta publicaci\u00f3n en Instagram<\/div>\n<\/div>\n<div style=\"padding: 12.5% 0;\"><\/div>\n<div style=\"display: flex; flex-direction: row; margin-bottom: 14px; align-items: center;\"><\/div>\n<p>&nbsp;<\/p>\n<p style=\"margin: 8px 0 0 0; padding: 0 4px;\"><a style=\"color: #000; font-family: Arial,sans-serif; font-size: 14px; font-style: normal; font-weight: normal; line-height: 17px; text-decoration: none; word-wrap: break-word;\" href=\"https:\/\/www.instagram.com\/p\/BsX6xScHwKq\/?utm_source=ig_embed&amp;utm_medium=loading\" target=\"_blank\" rel=\"noopener\">Los nominados a ARTISTA REVELACI\u00d3N DEL A\u00d1O son @anitta, @anuel_2blea, @casper_magico, @hansenfloresoficial, @mturizomusic, @niogarcia, @raymixmusic, @tinitastoessel, @t3relementooficial y @virlangarciaoficial. Tu voto decide quien gana. Tienes \u202ahasta el 21 de Enero\u202c para votar. \u00a1VOTA YA! #PremioLoNuestro<\/a><\/p>\n<p style=\"color: #c9c8cd; font-family: Arial,sans-serif; font-size: 14px; line-height: 17px; margin-bottom: 0; margin-top: 8px; overflow: hidden; padding: 8px 0 7px; text-align: center; text-overflow: ellipsis; white-space: nowrap;\">Una publicaci\u00f3n compartida de <a style=\"color: #c9c8cd; font-family: Arial,sans-serif; font-size: 14px; font-style: normal; font-weight: normal; line-height: 17px;\" href=\"https:\/\/www.instagram.com\/premiolonuestro\/?utm_source=ig_embed&amp;utm_medium=loading\" target=\"_blank\" rel=\"noopener\"> Premio Lo Nuestro<\/a> (@premiolonuestro) el <time style=\"font-family: Arial,sans-serif; font-size: 14px; line-height: 17px;\" datetime=\"2019-01-08T12:39:02+00:00\">8 Ene, 2019 a las 4:39 PST<\/time><\/p>\n<\/div>\n<\/blockquote>\n<p><script src=\"\/\/www.instagram.com\/embed.js\" async=\"\"><\/script><\/p>\n<p>&nbsp;<\/p>\n<h6>\u00a0Fuente: People<\/h6>\n","protected":false},"excerpt":{"rendered":"<p>Finalmente la esperada noche de Premio Lo Nuestro se acerca y la cadena Univision promete dar a su p\u00fablico un espect\u00e1culo que le apuesta a una nueva era de la premiaci\u00f3n con nuevas categor\u00edas adaptadas a los nuevos gustos. Ademas las nominaciones a 28 categor\u00edas diferentes est\u00e1n reci\u00e9n salidas del horno. Tambi\u00e9n los fan\u00e1ticos de [&hellip;]<\/p>\n","protected":false},"author":1,"featured_media":772,"comment_status":"open","ping_status":"open","sticky":false,"template":"","format":"standard","meta":{"footnotes":""},"categories":[121],"tags":[247,315,964,1072,1313,1484,2067,2701,3828,4331,4653,5217,5277,5589,5924,5939,5940,6377,7578,7828],"class_list":["post-771","post","type-post","status-publish","format-standard","has-post-thumbnail","category-noticias-musicales","tag-15-nominaciones","tag-28-categorias","tag-bad-bunny","tag-becky-g","tag-calibre","tag-carlos-vives","tag-daddy-yankeey","tag-enrique-iglesias","tag-j-balvin","tag-latinos","tag-maluma","tag-natti-natasha","tag-nicky-jam","tag-ozuna","tag-premiacion","tag-premio-lo-nuestro","tag-premio-lo-nuestro-2019","tag-reik","tag-univision","tag-wisin"],"_links":{"self":[{"href":"https:\/\/starsworldproduction.com\/web\/wp-json\/wp\/v2\/posts\/771","targetHints":{"allow":["GET"]}}],"collection":[{"href":"https:\/\/starsworldproduction.com\/web\/wp-json\/wp\/v2\/posts"}],"about":[{"href":"https:\/\/starsworldproduction.com\/web\/wp-json\/wp\/v2\/types\/post"}],"author":[{"embeddable":true,"href":"https:\/\/starsworldproduction.com\/web\/wp-json\/wp\/v2\/users\/1"}],"replies":[{"embeddable":true,"href":"https:\/\/starsworldproduction.com\/web\/wp-json\/wp\/v2\/comments?post=771"}],"version-history":[{"count":0,"href":"https:\/\/starsworldproduction.com\/web\/wp-json\/wp\/v2\/posts\/771\/revisions"}],"wp:featuredmedia":[{"embeddable":true,"href":"https:\/\/starsworldproduction.com\/web\/wp-json\/wp\/v2\/media\/772"}],"wp:attachment":[{"href":"https:\/\/starsworldproduction.com\/web\/wp-json\/wp\/v2\/media?parent=771"}],"wp:term":[{"taxonomy":"category","embeddable":true,"href":"https:\/\/starsworldproduction.com\/web\/wp-json\/wp\/v2\/categories?post=771"},{"taxonomy":"post_tag","embeddable":true,"href":"https:\/\/starsworldproduction.com\/web\/wp-json\/wp\/v2\/tags?post=771"}],"curies":[{"name":"wp","href":"https:\/\/api.w.org\/{rel}","templated":true}]}}