{"id":8305,"date":"2023-10-17T19:08:47","date_gmt":"2023-10-17T19:08:47","guid":{"rendered":"https:\/\/www.starsworldproduction.com\/?p=8305"},"modified":"2023-10-17T19:08:47","modified_gmt":"2023-10-17T19:08:47","slug":"carlos-vives-celebro-dia-la-hispanidad-multitudinario-concierto-madrid","status":"publish","type":"post","link":"https:\/\/starsworldproduction.com\/web\/2023\/10\/17\/carlos-vives-celebro-dia-la-hispanidad-multitudinario-concierto-madrid\/","title":{"rendered":"Carlos Vives celebr\u00f3 el D\u00eda de la Hispanidad con multitudinario concierto en Madrid"},"content":{"rendered":"<p>&nbsp;<\/p>\n<p class=\"story-contents__font-paragraph\" style=\"text-align: justify\";>Carlos Vives reuni\u00f3 a miles de personas en la Puerta de Alcal\u00e1 para, adem\u00e1s, festejar 30 a\u00f1os del lanzamiento de su \u00e1lbum \u2018Cl\u00e1sicos de la Provincia\u2019.<\/p>\n<p class=\"story-contents__font-paragraph\" style=\"text-align: justify\";>Carlos Vives se present\u00f3 un multitudinario concierto en Madrid, capital de Espa\u00f1a, para conmemorar el D\u00eda de la Hispanidad y celebrar los 30 a\u00f1os de la salida de su disco \u2018Cl\u00e1sicos de la provincia\u2019.<\/p>\n<p class=\"story-contents__font-paragraph\" style=\"text-align: justify\";>El evento tuvo lugar en la calle madrile\u00f1a que desemboca en el monumento, y se estima que asistieron alrededor de 50.000 espectadores. Vives estuvo rodeado de amigos y artistas invitados como Ana Mena, Diego Torres, Prince Royce y Juanes. Durante m\u00e1s de dos horas, el p\u00fablico disfrut\u00f3 y bail\u00f3 al ritmo de cada canci\u00f3n.<\/p>\n<h2 class=\"story-contents__font-paragraph\" style=\"text-align: justify\";>El impresionante show de Carlos Vives en Madrid<\/h2>\n<p class=\"story-contents__font-paragraph\" style=\"text-align: justify\";>El concierto inici\u00f3 con la canci\u00f3n \u00abPa&#8217; Mayte\u00bb, seguida de \u00e9xitos como \u00abD\u00e9jame entrar\u00bb y \u00abElla es mi fiesta\u00bb. Durante la primera parte del evento, el cantante espa\u00f1ol Diego Torres subi\u00f3 al escenario para interpretar su popular tema \u00abColor esperanza\u00bb junto a Vives. Tambi\u00e9n se cont\u00f3 con la participaci\u00f3n de artistas espa\u00f1olas como Ana Mena, Ni\u00f1a Pastori y Rozal\u00e9n, quienes compartieron escenario con el colombiano.<\/p>\n<p class=\"story-contents__font-paragraph\" style=\"text-align: justify\";>Uno de los momentos m\u00e1s esperados fue la sorpresa de Juanes, quien se uni\u00f3 a Vives para interpretar el tema \u00abMujeres\u00bb, su \u00faltima colaboraci\u00f3n. La euforia de los presentes fue tal, que al finalizar corearon el primer \u00abotra, otra\u00bb. El concierto culmin\u00f3 con la emblem\u00e1tica canci\u00f3n \u00abCuando nos volvamos a encontrar\u00bb.<\/p>\n<p class=\"story-contents__font-paragraph\" style=\"text-align: justify\";>Carlos Vives aprovech\u00f3 el concierto para resaltar la importancia de la comunidad hispanohablante y la diversidad de acentos y culturas en Am\u00e9rica. Con m\u00e1s de 20 millones de copias vendidas en todo el mundo, Vives es uno de los artistas latinoamericanos m\u00e1s reconocidos y galardonados. Ha sido ganador de dos Grammys y diecisiete Grammy Latinos.<\/p>\n<h2 class=\"story-contents__font-paragraph\" style=\"text-align: justify\";>El \u00e1lbum insigne de Carlos Vives<\/h2>\n<p class=\"story-contents__font-paragraph\" style=\"text-align: justify\";>\u00abCl\u00e1sicos de la provincia\u00bb es uno de los discos m\u00e1s importantes en la carrera de Vives, lanzado en 1992. Este \u00e1lbum marc\u00f3 un antes y un despu\u00e9s en la m\u00fasica vallenata y contribuy\u00f3 a su expansi\u00f3n a nivel internacional. Con versiones modernas de cl\u00e1sicos del g\u00e9nero, el \u00e1lbum ha sido fundamental en el legado musical de Vives.<\/p>\n<p class=\"story-contents__font-paragraph\" style=\"text-align: justify\";>Este concierto en Madrid fue el cierre de la celebraci\u00f3n del D\u00eda de la Hispanidad, siendo Carlos Vives el segundo artista colombiano en encargarse de este importante evento, despu\u00e9s de Camilo en el a\u00f1o anterior.<\/p>\n<p class=\"story-contents__font-paragraph\" style=\"text-align: justify\";>El \u00e9xito y la pasi\u00f3n que se vivi\u00f3 en el concierto de Carlos Vives demuestran la vigencia y el impacto duradero de su m\u00fasica en el panorama musical latinoamericano.<\/p>\n<p class=\"story-contents__font-paragraph\" style=\"text-align: justify\";>Canal RCN<\/p>\n","protected":false},"excerpt":{"rendered":"<p>&nbsp; Carlos Vives reuni\u00f3 a miles de personas en la Puerta de Alcal\u00e1 para, adem\u00e1s, festejar 30 a\u00f1os del lanzamiento de su \u00e1lbum \u2018Cl\u00e1sicos de la Provincia\u2019. Carlos Vives se present\u00f3 un multitudinario concierto en Madrid, capital de Espa\u00f1a, para conmemorar el D\u00eda de la Hispanidad y celebrar los 30 a\u00f1os de la salida de [&hellip;]<\/p>\n","protected":false},"author":1,"featured_media":8306,"comment_status":"open","ping_status":"open","sticky":false,"template":"","format":"standard","meta":{"footnotes":""},"categories":[121],"tags":[1484],"class_list":["post-8305","post","type-post","status-publish","format-standard","has-post-thumbnail","category-noticias-musicales","tag-carlos-vives"],"_links":{"self":[{"href":"https:\/\/starsworldproduction.com\/web\/wp-json\/wp\/v2\/posts\/8305","targetHints":{"allow":["GET"]}}],"collection":[{"href":"https:\/\/starsworldproduction.com\/web\/wp-json\/wp\/v2\/posts"}],"about":[{"href":"https:\/\/starsworldproduction.com\/web\/wp-json\/wp\/v2\/types\/post"}],"author":[{"embeddable":true,"href":"https:\/\/starsworldproduction.com\/web\/wp-json\/wp\/v2\/users\/1"}],"replies":[{"embeddable":true,"href":"https:\/\/starsworldproduction.com\/web\/wp-json\/wp\/v2\/comments?post=8305"}],"version-history":[{"count":0,"href":"https:\/\/starsworldproduction.com\/web\/wp-json\/wp\/v2\/posts\/8305\/revisions"}],"wp:featuredmedia":[{"embeddable":true,"href":"https:\/\/starsworldproduction.com\/web\/wp-json\/wp\/v2\/media\/8306"}],"wp:attachment":[{"href":"https:\/\/starsworldproduction.com\/web\/wp-json\/wp\/v2\/media?parent=8305"}],"wp:term":[{"taxonomy":"category","embeddable":true,"href":"https:\/\/starsworldproduction.com\/web\/wp-json\/wp\/v2\/categories?post=8305"},{"taxonomy":"post_tag","embeddable":true,"href":"https:\/\/starsworldproduction.com\/web\/wp-json\/wp\/v2\/tags?post=8305"}],"curies":[{"name":"wp","href":"https:\/\/api.w.org\/{rel}","templated":true}]}}