{"id":8716,"date":"2024-03-07T19:20:14","date_gmt":"2024-03-07T19:20:14","guid":{"rendered":"https:\/\/www.starsworldproduction.com\/?p=8716"},"modified":"2024-03-07T19:20:14","modified_gmt":"2024-03-07T19:20:14","slug":"posadas-la-revelacion-la-musica-popular-colombia","status":"publish","type":"post","link":"https:\/\/starssworldproduction.com\/web\/2024\/03\/07\/posadas-la-revelacion-la-musica-popular-colombia\/","title":{"rendered":"\u00a1Posadas! La revelaci\u00f3n de la M\u00fasica   Popular en Colombia!"},"content":{"rendered":"<p>&nbsp;<\/p>\n<p class=\"story-contents__font-paragraph\" style=\"text-align: justify\";>En Colombia, como en todo Hispanoam\u00e9rica, es innegable la influencia de los aires Flamencos, inmersos en todos los ritmos y g\u00e9neros musicales, especialmente en la m\u00fasica mexicana y en la hoy llamada \u201cM\u00fasica Popular o de Despecho\u201d; lo sorprendente es, que cada vez m\u00e1s este g\u00e9nero es abordado por artistas muy j\u00f3venes que le imprimen un sello y sonidos diferentes, as\u00ed como la brillante novedad en la puesta en escena.<\/p>\n<p class=\"story-contents__font-paragraph\" style=\"text-align: justify\";>Es el caso de este dueto de hermanas de Barranquilla, Colombia, Laura y Diana Posada, que decidieron unir sus voces y sus estilos que hab\u00edan transitado por otros g\u00e9neros como la salsa, para crear este grupo llamado POSADAS, con un nombre que sin duda nos lleva de inmediato a M\u00e9xico, a las populares fiestas y celebraciones que anteceden a la Navidad, y sacar a la escena musical un primer sencillo, \u201cEl Culpable\u201d; autor\u00eda de Alex Mart\u00ednez y bajo la batuta del Productor Georgy Parra en los estudios de Medell\u00edn, canci\u00f3n que nos regala una fusi\u00f3n Ranchera-Pop, con elementos propios de la m\u00fasica Popular colombiana, evocando sus ra\u00edces antioque\u00f1as por parte del padre y sabaneras del profundo Caribe por parte de su madre, mezcla que adem\u00e1s de hacerlas muy especiales, dibuja la belleza y el poder femenino de este par de hermanas, que han derrochado talento varios a\u00f1os, en las tarimas de Colombia, as\u00ed como de Ecuador, Las Islas del Caribe y Centroam\u00e9rica.<\/p>\n<figure id=\"attachment_8728\" aria-describedby=\"caption-attachment-8728\" style=\"width: 1024px\" class=\"wp-caption aligncenter\"><img loading=\"lazy\" loading=\"lazy\" decoding=\"async\" src=\"http:\/\/starsworldproduction.com\/web\/wp-content\/uploads\/2024\/03\/unnamed-1024x1024.jpg\" alt=\"Hermanas Posada\" width=\"1024\" height=\"1024\" class=\"size-large wp-image-8728\" \/><figcaption id=\"caption-attachment-8728\" class=\"wp-caption-text\">\u00a1Posadas! La revelaci\u00f3n de la M\u00fasica Popular en Colombia!<\/figcaption><\/figure>\n<p class=\"story-contents__font-paragraph\" style=\"text-align: justify\";>Posadas logra entonces, cantar al amor y al desamor con la fuerza y la certeza de un presente agradecido, luego de superar el confinamiento y los duros momentos que vivi\u00f3 el mundo entero en pandemia, pero de los que extrajeron lo mejor de su Arte, para imprimirlo a sus voces y emprender juntas este camino de la M\u00fasica Popular.<\/p>\n<p class=\"story-contents__font-paragraph\" style=\"text-align: justify\";>\u00abPosadas\u00bb est\u00e1 disponible en todas sus plataformas y muy pronto las tendremos de gira promocional dentro y fuera de su pa\u00eds. Les invitamos a disfrutar \u201cEl Culpable\u201d, deseando much\u00edsimos \u00e9xitos a esta revelaci\u00f3n de la M\u00fasica Popular en Colombia: \u00a1POSADAS! <\/p>\n<p><iframe loading=\"lazy\" width=\"560\" height=\"315\" src=\"https:\/\/www.youtube.com\/embed\/PAYXNGjkRSY?si=F3QeyTo0IPCgkgJ7&amp;controls=0\" title=\"YouTube video player\" frameborder=\"0\" allow=\"accelerometer; autoplay; clipboard-write; encrypted-media; gyroscope; picture-in-picture; web-share\" allowfullscreen><\/iframe><\/p>\n<p class=\"story-contents__font-paragraph\" style=\"text-align: center\";>Contactos:<br \/>\nLuis Fernando Hoyos Romero<br \/>\nmercadeolfh@gmail.com<\/p>\n<p class=\"story-contents__font-paragraph\" style=\"text-align: center\";>Luz Carime Anchique | Artist Public Relations, &#038; Marketing<br \/>\nluz@starsworldproduction.com<br \/>\nSTARS WORLD PRODUCTIONS<\/p>\n","protected":false},"excerpt":{"rendered":"<p>&nbsp; En Colombia, como en todo Hispanoam\u00e9rica, es innegable la influencia de los aires Flamencos, inmersos en todos los ritmos y g\u00e9neros musicales, especialmente en la m\u00fasica mexicana y en la hoy llamada \u201cM\u00fasica Popular o de Despecho\u201d; lo sorprendente es, que cada vez m\u00e1s este g\u00e9nero es abordado por artistas muy j\u00f3venes que le [&hellip;]<\/p>\n","protected":false},"author":1,"featured_media":8717,"comment_status":"open","ping_status":"open","sticky":false,"template":"","format":"standard","meta":{"footnotes":""},"categories":[119,121],"tags":[4275],"class_list":{"0":"post-8716","1":"post","2":"type-post","3":"status-publish","4":"format-standard","5":"has-post-thumbnail","7":"category-notas-de-prensa","8":"category-noticias-musicales","9":"tag-las-posadas"},"_links":{"self":[{"href":"https:\/\/starssworldproduction.com\/web\/wp-json\/wp\/v2\/posts\/8716","targetHints":{"allow":["GET"]}}],"collection":[{"href":"https:\/\/starssworldproduction.com\/web\/wp-json\/wp\/v2\/posts"}],"about":[{"href":"https:\/\/starssworldproduction.com\/web\/wp-json\/wp\/v2\/types\/post"}],"author":[{"embeddable":true,"href":"https:\/\/starssworldproduction.com\/web\/wp-json\/wp\/v2\/users\/1"}],"replies":[{"embeddable":true,"href":"https:\/\/starssworldproduction.com\/web\/wp-json\/wp\/v2\/comments?post=8716"}],"version-history":[{"count":0,"href":"https:\/\/starssworldproduction.com\/web\/wp-json\/wp\/v2\/posts\/8716\/revisions"}],"wp:featuredmedia":[{"embeddable":true,"href":"https:\/\/starssworldproduction.com\/web\/wp-json\/wp\/v2\/media\/8717"}],"wp:attachment":[{"href":"https:\/\/starssworldproduction.com\/web\/wp-json\/wp\/v2\/media?parent=8716"}],"wp:term":[{"taxonomy":"category","embeddable":true,"href":"https:\/\/starssworldproduction.com\/web\/wp-json\/wp\/v2\/categories?post=8716"},{"taxonomy":"post_tag","embeddable":true,"href":"https:\/\/starssworldproduction.com\/web\/wp-json\/wp\/v2\/tags?post=8716"}],"curies":[{"name":"wp","href":"https:\/\/api.w.org\/{rel}","templated":true}]}}