{"id":8793,"date":"2024-03-15T16:16:37","date_gmt":"2024-03-15T16:16:37","guid":{"rendered":"https:\/\/www.starsworldproduction.com\/?p=8793"},"modified":"2024-03-15T16:16:37","modified_gmt":"2024-03-15T16:16:37","slug":"aterciopelados-lanza-version-aniversario-vivo-dorado-reto-fue-traerlo-al-futuro","status":"publish","type":"post","link":"https:\/\/starsworldproduction.com\/web\/2024\/03\/15\/aterciopelados-lanza-version-aniversario-vivo-dorado-reto-fue-traerlo-al-futuro\/","title":{"rendered":"Aterciopelados lanza versi\u00f3n aniversario en vivo de \u2018El Dorado\u2019: \u2018El reto fue traerlo al futuro\u2019"},"content":{"rendered":"<p>&nbsp;<\/p>\n<p class=\"story-contents__font-paragraph\" style=\"text-align: justify\";>Andrea Echeverri y H\u00e9ctor Buitrago conversan con Billboard Espa\u00f1ol sobre lo que signific\u00f3 reencontrarse con su \u00e1lbum seminal de 1995.<\/p>\n<p class=\"story-contents__font-paragraph\" style=\"text-align: justify\";>Revisitar la totalidad de El Dorado para una edici\u00f3n en vivo por su 25 aniversario \u2014 que termin\u00f3 materializ\u00e1ndose unos a\u00f1os despu\u00e9s debido a la pandemia de coronavirus \u2014 fue muy especial para Aterciopelados, el grupo colombiano de rock liderado por la vocalista Andrea Echeverri y el productor H\u00e9ctor Buitrago.<\/p>\n<p class=\"story-contents__font-paragraph\" style=\"text-align: justify\";>\u201cEnfrentarse a un repertorio de hace 28 a\u00f1os pues es dif\u00edcil, uno ya no es el mismo\u201d, confiesa Echeverri en entrevista con Billboard Espa\u00f1ol. \u201cEl reto era retomar ese \u00e1lbum que digamos ten\u00eda un sonido noventero, traerlo al futuro y que conservara la esencia de esa \u00e9poca, pero que sonara m\u00e1s adecuado a este tiempo\u201d, agrega Buitrago.<\/p>\n<p class=\"story-contents__font-paragraph\" style=\"text-align: justify\";>Hoy (15 de marzo), presentan El Dorado En Vivo, una versi\u00f3n del disco seminal del rock colombiano de los 90 que los llev\u00f3 a trascender los l\u00edmites de su pa\u00eds, con cl\u00e1sicos como \u201cFlorecita rockera\u201d, \u201cSiervo sin tierra\u201d y \u201cDe tripas coraz\u00f3n\u201d. Grabado el 22 de abril del 2023 en el Palacio de los Deportes de Bogot\u00e1, el nuevo \u00e1lbum de producci\u00f3n independiente presenta versiones de las 16 canciones del original, con la participaci\u00f3n de Rub\u00e9n Albarr\u00e1n de Caf\u00e9 Tacvba en \u201cMujer gala\u201d y \u201cLa estaca\u201d, y de Carlos Vives en \u201cBolero falaz\u201d. El proyecto incluye videos para cada tema que se han ido lanzando en el canal de YouTube de Aterciopelados, con el de Vives debutando el jueves por la noche, justo antes que el \u00e1lbum.<\/p>\n<blockquote><p>\u201cAterciopelados para m\u00ed es uno de los dioses del rock bogotano con el que me cri\u00e9\u201d, dice Vives en un comunicado de prensa. \u201cPara m\u00ed es un orgullo cantar esta canci\u00f3n con ellos\u201d.<\/p><\/blockquote>\n<p><iframe loading=\"lazy\" width=\"560\" height=\"315\" src=\"https:\/\/www.youtube.com\/embed\/HzvhugbpBp8?si=8f9j-Ke0LBDkHNMh&amp;controls=0\" title=\"YouTube video player\" frameborder=\"0\" allow=\"accelerometer; autoplay; clipboard-write; encrypted-media; gyroscope; picture-in-picture; web-share\" allowfullscreen><\/iframe><\/p>\n<p class=\"story-contents__font-paragraph\" style=\"text-align: justify\";>A este lanzamiento le seguir\u00e1 El Dorado Tour, una gira de 12 fechas por Norteam\u00e9rica que comienza el 9 de abril en Phoenix y que pasar\u00e1 por ciudades como Dallas, Houston, Atlanta y Miami, antes de terminar el 27 de abril en Toronto (para ver todo el itinerario, haz clic aqu\u00ed).<\/p>\n<p class=\"story-contents__font-paragraph\" style=\"text-align: justify\";>Echeverri y Buitrago eran unos j\u00f3venes idealistas y so\u00f1adores cuando debutaron como Aterciopelados en 1993 con el \u00e1lbum Con El Coraz\u00f3n en la Mano, en el que mezlaron sus influencias de punk rock con sonidos del folklore colombiano. Pero fue El Dorado, lanzado el 24 de octubre de 1995 a trav\u00e9s de Sony BMG, el que los puso en el mapa internacional, con un sonido original y temas relevantes sobre ecolog\u00eda, feminismo y derechos humanos.<\/p>\n<blockquote><p>\u201cNosotros no somos m\u00fasicos [acad\u00e9micos], es como todo muy de oreja y de sensibilidad\u201d, explica Echeverri. \u201cYo creo que por lo mismo [\u2026] hemos hecho las cosas como de maneras diferentes, y salimos con unas cosas todas raras que funcionan chever\u00edsimo\u201d.<\/p><\/blockquote>\n<p class=\"story-contents__font-paragraph\" style=\"text-align: justify\";>Ganadores de tres Latin Grammys, y nominados al Grammy en cinco ocasiones, Aterciopelados ha tenido presencia en los charts de Billboard, donde su \u00e1lbum Gozo Poderoso (2001) alcanz\u00f3 el No. 11 en Top Latin Albums y el No. 7 en Latin Pop Albums, mientras que su canci\u00f3n \u201cEl \u00e1lbum\u201d (de ese mismo disco) entr\u00f3 en la lista Latin Pop Airplay.<\/p>\n<p class=\"story-contents__font-paragraph\" style=\"text-align: justify\";>En 2021 lanzaron su m\u00e1s reciente \u00e1lbum de estudio, Tropiplop, mientras que su \u00faltima canci\u00f3n fue \u201cLibert\u00e9\u201d con Dr. Shenka, Susana Baca y Bunbury, lanzada el pasado diciembre. Actualmente trabajan en un nuevo \u00e1lbum que esperan sacar antes de que finalice el 2024.<\/p>\n<p class=\"story-contents__font-paragraph\" style=\"text-align: justify\";><strong>Han pasado 28 a\u00f1os desde el lanzamiento de El Dorado. \u00bfC\u00f3mo se sinti\u00f3 la experiencia de revivir el \u00e1lbum entero despu\u00e9s de tanto tiempo?<\/strong><\/p>\n<p class=\"story-contents__font-paragraph\" style=\"text-align: justify\";>Echeverri: Pues mira, \u00edbamos a celebrar los 25, porque nos lo hab\u00eda propuesto un festival grande de ac\u00e1 [en Colombia], pero hubo pandemia. Por eso sali\u00f3 un 28, que es como una fecha rara. \u00bfY qu\u00e9 sentimos? Muchas cosas, porque enfrentarse a un repertorio de hace 28 a\u00f1os pues es dif\u00edcil, uno ya no es el mismo. Yo por lo menos a nivel vocal pues sufr\u00ed, porque como que [antes] ten\u00eda una voz ligerita, de ni\u00f1a ingenua, y ahora tengo una voz m\u00e1s de mujer madura. (Risas).<\/p>\n<p class=\"story-contents__font-paragraph\" style=\"text-align: justify\";><strong>\u00bfQu\u00e9 canciones te costaron en particular?<\/strong><\/p>\n<p class=\"story-contents__font-paragraph\" style=\"text-align: justify\";>Echeverri: \u00a1Me cost\u00f3 todo! De hecho cambi\u00e9 de profesora de canto, trabaj\u00e9 todo el asunto. Tampoco la idea era volver a sonar as\u00ed. La idea era m\u00e1s bien en lo que estoy, en mi sonoridad actual, acomodar las canciones, que fue lo que logramos. Pero tambi\u00e9n hay muchas muy r\u00e1pidas, hay muchas muy feroces, como \u201cPilas\u201d, como \u201cNo futuro\u201d, que nosotros no hemos dejado de cantar. [\u2026] Fue un proceso desafiante y dif\u00edcil, pero al final creo que lo logramos. Yo en estos d\u00edas que lo he estado oyendo, s\u00ed suena poderoso, con una voz as\u00ed gruesa, fuerte, bonito.<\/p>\n<p class=\"story-contents__font-paragraph\" style=\"text-align: justify\";><strong>H\u00e9ctor, \u00bfpara ti qu\u00e9 fue lo m\u00e1s dif\u00edcil?<\/strong><\/p>\n<p class=\"story-contents__font-paragraph\" style=\"text-align: justify\";>Buitrago: El reto era retomar ese \u00e1lbum que digamos ten\u00eda un sonido noventero, traerlo al futuro y que conservara la esencia de esa \u00e9poca, pero que sonara m\u00e1s adecuado a este tiempo. Hicimos la tarea todos estos meses previos donde ensayamos las canciones, y yo creo que logramos un equilibrio entre todo lo que est\u00e1bamos pensando que quer\u00edamos hacer con este disco. En mi caso fue tensionante tambi\u00e9n porque yo era el productor pero tambi\u00e9n hab\u00edan muchos m\u00e1s detalles y es un \u00e1lbum que lanzamos independiente, entonces tenemos que estar pendientes de las c\u00e1maras, de las luces, del video, de los m\u00fasicos invitados\u2026<\/p>\n<p class=\"story-contents__font-paragraph\" style=\"text-align: justify\";>Echeverri: \u2026de la escenograf\u00eda, del vestuario\u2026 \u00a1y adem\u00e1s saque el billetico! Esa tambi\u00e9n es dura. (Risas)<\/p>\n<p class=\"story-contents__font-paragraph\" style=\"text-align: justify\";><strong>\u00bfMe pueden dar alg\u00fan ejemplo de alguna canci\u00f3n a la que le dieron un sonido m\u00e1s actual?<\/strong><\/p>\n<p class=\"story-contents__font-paragraph\" style=\"text-align: justify\";>Echeverri: Creo que donde m\u00e1s se nota es en \u201cTripas\u201d, porque nosotros no ten\u00edamos teclado en esa \u00e9poca.<\/p>\n<p class=\"story-contents__font-paragraph\" style=\"text-align: justify\";>Buitrago: S\u00ed, \u201cDe tripas coraz\u00f3n\u201d era tal vez la m\u00e1s roquera, la que sent\u00edamos como m\u00e1s repetitiva que nos iba a sonar noventera, entonces ah\u00ed le metimos un teclado. Digamos que fue la \u00fanica que transformamos tanto. Las dem\u00e1s est\u00e1n m\u00e1s apegadas a esa \u00e9poca.<\/p>\n<p class=\"story-contents__font-paragraph\" style=\"text-align: justify\";><strong>Han pasado muchas cosas en sus vidas y en la industria desde que lanzaron El Dorado. \u00bfSe siguen identificando de la misma manera con sus canciones?<\/strong><\/p>\n<p class=\"story-contents__font-paragraph\" style=\"text-align: justify\";>Echeverri: Yo creo que en medio de lo dif\u00edcil, de lo tensionante, lo m\u00e1s bonito fue encontrarse con las canciones, porque fueron canciones que compusimos hace a\u00f1os. Nosotros no somos m\u00fasicos [acad\u00e9micos], es como todo muy de oreja y de sensibilidad, pero al encontrarse con las canciones uno dice \u201c\u00a1Ush, pero \u00e9ramos buenos!\u201d [\u2026] Creo que la que m\u00e1s nos impact\u00f3 a H\u00e9ctor y a m\u00ed fue \u201cSiervo sin tierra\u201d. De hecho yo ayer, que estaba mirando los videos [del concierto,] en \u201cEl siervo sin tierra\u201d llora mucha gente. Nosotros lloramos en los ensayos.<\/p>\n<p class=\"story-contents__font-paragraph\" style=\"text-align: justify\";><strong>Aterciopelados ha creado un legado importante para el rock en espa\u00f1ol y ha sido una gran influencia para otros artistas. \u00bfC\u00f3mo lo sienten ustedes?<\/strong><\/p>\n<p class=\"story-contents__font-paragraph\" style=\"text-align: justify\";>Echeverri: Yo creo que por lo mismo que no somos m\u00fasicos acad\u00e9micos hemos hecho las cosas como de maneras diferentes, y salimos con unas cosas todas raras que funcionan chever\u00edsimo. [\u2026] Pero yo creo que el legado tal vez viene m\u00e1s tambi\u00e9n como por el lado identitario y por el lado conceptual, porque Aterciopelados desde el comienzo ha estado hablando de feminismo, de ambientalismo, de lo antib\u00e9lico, cuando eso ni siquiera se usaba como tema.<\/p>\n<p class=\"story-contents__font-paragraph\" style=\"text-align: justify\";><strong>Muchos de los temas mantienen vigencia despu\u00e9s de 25 a\u00f1os. \u00bfTen\u00edan idea entonces de que estaban escribiendo himnos?<\/strong><\/p>\n<p class=\"story-contents__font-paragraph\" style=\"text-align: justify\";>Echeverri: Creo que siempre hemos sido adelantaditos. (Risas) \u00bfPero que si nosotros pens\u00e1bamos que iba a perdurar? \u00a1No! Yo creo que precisamente, como salimos de ensayar en un lavadero [\u2026] a grabar discos, entonces \u00e9ramos muy prim\u00edparos, inexpertos, ingenuos. Pero tambi\u00e9n \u00e9ramos medio punk, entonces \u00e9ramos s\u00faper lanzados. Yo creo que nadie se imagin\u00f3 nada. Como no hab\u00eda tampoco una escena musical colombiana, uno lo hac\u00eda porque se pasaba rico, porque estaba bueno hacerlo.<\/p>\n<p class=\"story-contents__font-paragraph\" style=\"text-align: justify\";>Buitrago: Pero tiempo despu\u00e9s nos enteramos que s\u00ed, que hab\u00eda muchos grupos que dec\u00edan que Aterciopelados hab\u00eda sido una influencia en alg\u00fan momento de sus carreras al comienzo, que vieron a Andrea o vieron a Aterciopelados y se inspiraron en las letras, en la actitud.<\/p>\n<p class=\"story-contents__font-paragraph\" style=\"text-align: justify\";><strong>Hoy Colombia es un gran exportador de m\u00fasica, con muchos artistas entrando a los charts de Billboard y saliendo de gira mundial. \u00bfC\u00f3mo ven el panorama actual de la m\u00fasica en su pa\u00eds?<\/strong><\/p>\n<p class=\"story-contents__font-paragraph\" style=\"text-align: justify\";>Buitrago: Yo siento que todo lo que sucedi\u00f3 en los 90, cuando no hab\u00eda ninguna escena \u2014 ni siquiera hab\u00edan escenarios, no hab\u00edan festivales. Ah\u00ed empez\u00f3 a crecer todo, empez\u00f3 a generarse una infraestructura que no hab\u00eda antes: aparecieron m\u00e1nagers, t\u00e9cnicos, [\u2026] y yo pienso que eso que se empez\u00f3 a desarrollar en ese momento es lo que hace que la m\u00fasica colombiana est\u00e9 hoy por todos lados. Lo que est\u00e1 pasando actualmente con la m\u00fasica colombiana es, primero, el reflejo de un pa\u00eds que tiene muchas geograf\u00edas y por lo tanto tambi\u00e9n mucha riqueza sonora \u2014 no solamnete hay sonidos del Caribe sino que hay sonidos del Pac\u00edfico, sonidos de las costas pero tambi\u00e9n del interior. Toda esa riqueza se est\u00e1 mostrando ahora al mundo con una infraestructura que est\u00e1 muy potente.<\/p>\n<p class=\"story-contents__font-paragraph\" style=\"text-align: justify\";>Escucha El Dorado En Vivo de Aterciopelados <a href=\"https:\/\/open.spotify.com\/album\/6XcfqnEoJ4dLpQgFV7Us18\" rel=\"noopener\" target=\"_blank\">aqu\u00ed<\/a><\/p>\n<p class=\"story-contents__font-paragraph\" style=\"text-align: justify\";>Por Sigal Ratner-Arias<\/p>\n","protected":false},"excerpt":{"rendered":"<p>&nbsp; Andrea Echeverri y H\u00e9ctor Buitrago conversan con Billboard Espa\u00f1ol sobre lo que signific\u00f3 reencontrarse con su \u00e1lbum seminal de 1995. Revisitar la totalidad de El Dorado para una edici\u00f3n en vivo por su 25 aniversario \u2014 que termin\u00f3 materializ\u00e1ndose unos a\u00f1os despu\u00e9s debido a la pandemia de coronavirus \u2014 fue muy especial para Aterciopelados, [&hellip;]<\/p>\n","protected":false},"author":1,"featured_media":8794,"comment_status":"open","ping_status":"open","sticky":false,"template":"","format":"standard","meta":{"footnotes":""},"categories":[121],"tags":[889],"class_list":["post-8793","post","type-post","status-publish","format-standard","has-post-thumbnail","category-noticias-musicales","tag-aterciopelados"],"_links":{"self":[{"href":"https:\/\/starsworldproduction.com\/web\/wp-json\/wp\/v2\/posts\/8793","targetHints":{"allow":["GET"]}}],"collection":[{"href":"https:\/\/starsworldproduction.com\/web\/wp-json\/wp\/v2\/posts"}],"about":[{"href":"https:\/\/starsworldproduction.com\/web\/wp-json\/wp\/v2\/types\/post"}],"author":[{"embeddable":true,"href":"https:\/\/starsworldproduction.com\/web\/wp-json\/wp\/v2\/users\/1"}],"replies":[{"embeddable":true,"href":"https:\/\/starsworldproduction.com\/web\/wp-json\/wp\/v2\/comments?post=8793"}],"version-history":[{"count":0,"href":"https:\/\/starsworldproduction.com\/web\/wp-json\/wp\/v2\/posts\/8793\/revisions"}],"wp:featuredmedia":[{"embeddable":true,"href":"https:\/\/starsworldproduction.com\/web\/wp-json\/wp\/v2\/media\/8794"}],"wp:attachment":[{"href":"https:\/\/starsworldproduction.com\/web\/wp-json\/wp\/v2\/media?parent=8793"}],"wp:term":[{"taxonomy":"category","embeddable":true,"href":"https:\/\/starsworldproduction.com\/web\/wp-json\/wp\/v2\/categories?post=8793"},{"taxonomy":"post_tag","embeddable":true,"href":"https:\/\/starsworldproduction.com\/web\/wp-json\/wp\/v2\/tags?post=8793"}],"curies":[{"name":"wp","href":"https:\/\/api.w.org\/{rel}","templated":true}]}}