{"id":883,"date":"2019-02-14T22:30:09","date_gmt":"2019-02-14T22:30:09","guid":{"rendered":"https:\/\/www.starsworldproduction.com\/?p=883"},"modified":"2019-02-14T22:30:09","modified_gmt":"2019-02-14T22:30:09","slug":"becky-g-dejara-la-musica-en-espanol","status":"publish","type":"post","link":"https:\/\/starsworldproduction.com\/web\/2019\/02\/14\/becky-g-dejara-la-musica-en-espanol\/","title":{"rendered":"\u00bfBecky G dejar\u00e1 la m\u00fasica en espa\u00f1ol?"},"content":{"rendered":"<p style=\"text-align: justify;\">En primer lugar la cantante de reggaet\u00f3n\u00a0<b>Becky G\u00a0<\/b>contin\u00faa cosechando \u00e9xitos.Su \u00faltimo tema \u201cLBD\u201d ha conseguido millones de reproducciones en todo el mundo y marc\u00f3 un hecho importante con su regreso a la m\u00fasica en ingl\u00e9s; sin embargo esto preocup\u00f3 a sus seguidores, quienes pensaron que la artista se alejar\u00eda de los temas en espa\u00f1ol.<\/p>\n<p id=\"p601411-m352-2-353\" class=\"parrafo first-parrafo \" style=\"text-align: justify;\">Adem\u00e1s ahora, en respuesta a la pol\u00e9mica,\u00a0<b>Becky G\u00a0<\/b>utiliz\u00f3 su cuenta de\u00a0<b>Instagram\u00a0<\/b>para aclarar el tema y asegur\u00f3 que su regreso a la m\u00fasica en ingl\u00e9s era inevitable. Probablemente no significa que se alejar\u00e1 de la m\u00fasica en espa\u00f1ol.<\/p>\n<blockquote class=\"instagram-media\" style=\"background: #FFF; border: 0; border-radius: 3px; box-shadow: 0 0 1px 0 rgba(0,0,0,0.5),0 1px 10px 0 rgba(0,0,0,0.15); margin: 1px; max-width: 540px; min-width: 326px; padding: 0; width: calc(100% - 2px);\" data-instgrm-captioned=\"\" data-instgrm-permalink=\"https:\/\/www.instagram.com\/p\/BtCdE7-ANbz\/?utm_source=ig_embed&amp;utm_medium=loading\" data-instgrm-version=\"12\">\n<div style=\"padding: 16px;\">\n<p>&nbsp;<\/p>\n<div style=\"display: flex; flex-direction: row; align-items: center;\"><\/div>\n<div style=\"padding: 19% 0;\"><\/div>\n<div style=\"display: block; height: 50px; margin: 0 auto 12px; width: 50px;\"><\/div>\n<div style=\"padding-top: 8px;\">\n<div style=\"color: #3897f0; font-family: Arial,sans-serif; font-size: 14px; font-style: normal; font-weight: 550; line-height: 18px;\">Ver esta publicaci\u00f3n en Instagram<\/div>\n<\/div>\n<div style=\"padding: 12.5% 0;\"><\/div>\n<div style=\"display: flex; flex-direction: row; margin-bottom: 14px; align-items: center;\"><\/div>\n<p>&nbsp;<\/p>\n<p style=\"margin: 8px 0 0 0; padding: 0 4px;\"><a style=\"color: #000; font-family: Arial,sans-serif; font-size: 14px; font-style: normal; font-weight: normal; line-height: 17px; text-decoration: none; word-wrap: break-word;\" href=\"https:\/\/www.instagram.com\/p\/BtCdE7-ANbz\/?utm_source=ig_embed&amp;utm_medium=loading\" target=\"_blank\" rel=\"noopener\">I\u2019ll give you that red light special&#8230; \ud83d\udc8b\u2764\ufe0f #LBD<\/a><\/p>\n<p style=\"color: #c9c8cd; font-family: Arial,sans-serif; font-size: 14px; line-height: 17px; margin-bottom: 0; margin-top: 8px; overflow: hidden; padding: 8px 0 7px; text-align: center; text-overflow: ellipsis; white-space: nowrap;\">Una publicaci\u00f3n compartida de <a style=\"color: #c9c8cd; font-family: Arial,sans-serif; font-size: 14px; font-style: normal; font-weight: normal; line-height: 17px;\" href=\"https:\/\/www.instagram.com\/iambeckyg\/?utm_source=ig_embed&amp;utm_medium=loading\" target=\"_blank\" rel=\"noopener\"> Becky G<\/a> (@iambeckyg) el <time style=\"font-family: Arial,sans-serif; font-size: 14px; line-height: 17px;\" datetime=\"2019-01-25T01:01:33+00:00\">24 Ene, 2019 a las 5:01 PST<\/time><\/p>\n<\/div>\n<\/blockquote>\n<p><script src=\"\/\/www.instagram.com\/embed.js\" async=\"\"><\/script><\/p>\n<p>Cabe destacar mediante sus historias de\u00a0<b>Instagram, Becky G\u00a0<\/b>dej\u00f3 un mensaje a sus m\u00e1s de 15.5 millones de seguidores y aclar\u00f3 cu\u00e1les son sus planes a futuro en su carrera art\u00edstica.<\/p>\n<p>Por encima de todo \u201cA mis fans que est\u00e1n preguntando, en mi \u201cLBD\u201d post solamente quer\u00eda expresar mis sentimientos sobre mi m\u00fasica en ingl\u00e9s, no significa que ya no voy a cantar mi m\u00fasica en espa\u00f1ol. Sin duda se los prometo, tenemos muchas cositas para ustedes este a\u00f1o\u201d, escribi\u00f3\u00a0<b>Becky G<\/b>.<\/p>\n<p>Adem\u00e1s\u201cSiempre he sentido que me encontr\u00e9 art\u00edsticamente en mi m\u00fasica en espa\u00f1ol y tengo tanto amor para esta parte de m\u00ed.Por lo tanto les prometo m\u00e1s m\u00fasica en espa\u00f1ol tambi\u00e9n, no se preocupen tanto\u201d, agreg\u00f3 en su publicaci\u00f3n en\u00a0<b>Instagram<\/b>.<\/p>\n<p>Cabe destacar que la int\u00e9rprete de \u201cSin Pijama\u201d y \u201cBooty\u201d confirm\u00f3 su participaci\u00f3n en el prestigioso Festival de Vi\u00f1a del Mar, donde se presentar\u00e1 el viernes 1 de marzo junto a\u00a0<b>Bad Bunny\u00a0<\/b>en el escenario de la Quinta Vergara.<\/p>\n<blockquote class=\"twitter-tweet\" data-lang=\"es\"><p>\n\ud83c\udf89Hay parrilla por d\u00eda de <a href=\"https:\/\/twitter.com\/hashtag\/Vi%C3%B1a2019?src=hash&amp;ref_src=twsrc%5Etfw\">#Vi\u00f1a2019<\/a>!\ud83c\udf89<\/p>\n<p>\ud83d\udc49Pre venta de entradas para clientes Claro: pr\u00f3ximo martes 29 de enero<\/p>\n<p>\ud83d\udc49Venta general de entradas: mi\u00e9rcoles 30 de enero.<\/p>\n<p>Puedes conseguir tus tickets de forma OFICIAL en Puntoticket ingresando a este link &gt;&gt; <a href=\"https:\/\/t.co\/emGgtYidYG\">https:\/\/t.co\/emGgtYidYG<\/a> <a href=\"https:\/\/t.co\/M5piVgcVwO\">pic.twitter.com\/M5piVgcVwO<\/a><\/p>\n<p>\u2014 Festival de Vi\u00f1a del Mar (@elfestival) <a href=\"https:\/\/twitter.com\/elfestival\/status\/1088828941782142977?ref_src=twsrc%5Etfw\">25 de enero de 2019<\/a>\n<\/p><\/blockquote>\n<h6><script src=\"https:\/\/platform.twitter.com\/widgets.js\" async=\"\" charset=\"utf-8\"><\/script><\/h6>\n<h6>Fuente: El Comercio<\/h6>\n","protected":false},"excerpt":{"rendered":"<p>En primer lugar la cantante de reggaet\u00f3n\u00a0Becky G\u00a0contin\u00faa cosechando \u00e9xitos.Su \u00faltimo tema \u201cLBD\u201d ha conseguido millones de reproducciones en todo el mundo y marc\u00f3 un hecho importante con su regreso a la m\u00fasica en ingl\u00e9s; sin embargo esto preocup\u00f3 a sus seguidores, quienes pensaron que la artista se alejar\u00eda de los temas en espa\u00f1ol. Adem\u00e1s [&hellip;]<\/p>\n","protected":false},"author":1,"featured_media":884,"comment_status":"open","ping_status":"open","sticky":false,"template":"","format":"standard","meta":{"footnotes":""},"categories":[121],"tags":[565,964,1072,1196,1385,1403,1961,2877,3050,3520,3724,3744,4339,5008,5141,5145,5146,6213,6344,6904,7532],"class_list":["post-883","post","type-post","status-publish","format-standard","has-post-thumbnail","category-noticias-musicales","tag-alejara","tag-bad-bunny","tag-becky-g","tag-booty","tag-canciones","tag-cantante","tag-cosechando-exitos","tag-evento","tag-festival-de-vina-del-mar","tag-historias","tag-ingles","tag-instagram","tag-lbd","tag-millones-de-reproducciones","tag-musica","tag-musica-en-espanol","tag-musica-en-ingles","tag-quinta-vergara","tag-reggaeton","tag-sin-pijama","tag-ultimo-tema"],"_links":{"self":[{"href":"https:\/\/starsworldproduction.com\/web\/wp-json\/wp\/v2\/posts\/883","targetHints":{"allow":["GET"]}}],"collection":[{"href":"https:\/\/starsworldproduction.com\/web\/wp-json\/wp\/v2\/posts"}],"about":[{"href":"https:\/\/starsworldproduction.com\/web\/wp-json\/wp\/v2\/types\/post"}],"author":[{"embeddable":true,"href":"https:\/\/starsworldproduction.com\/web\/wp-json\/wp\/v2\/users\/1"}],"replies":[{"embeddable":true,"href":"https:\/\/starsworldproduction.com\/web\/wp-json\/wp\/v2\/comments?post=883"}],"version-history":[{"count":0,"href":"https:\/\/starsworldproduction.com\/web\/wp-json\/wp\/v2\/posts\/883\/revisions"}],"wp:featuredmedia":[{"embeddable":true,"href":"https:\/\/starsworldproduction.com\/web\/wp-json\/wp\/v2\/media\/884"}],"wp:attachment":[{"href":"https:\/\/starsworldproduction.com\/web\/wp-json\/wp\/v2\/media?parent=883"}],"wp:term":[{"taxonomy":"category","embeddable":true,"href":"https:\/\/starsworldproduction.com\/web\/wp-json\/wp\/v2\/categories?post=883"},{"taxonomy":"post_tag","embeddable":true,"href":"https:\/\/starsworldproduction.com\/web\/wp-json\/wp\/v2\/tags?post=883"}],"curies":[{"name":"wp","href":"https:\/\/api.w.org\/{rel}","templated":true}]}}