{"id":921,"date":"2019-02-18T23:30:20","date_gmt":"2019-02-18T23:30:20","guid":{"rendered":"https:\/\/www.starsworldproduction.com\/?p=921"},"modified":"2019-02-18T23:30:20","modified_gmt":"2019-02-18T23:30:20","slug":"la-ayuda-humanitaria-llegara-venezuela-con-un-evento-musical-sin-precedentes","status":"publish","type":"post","link":"https:\/\/starsworldproduction.com\/web\/2019\/02\/18\/la-ayuda-humanitaria-llegara-venezuela-con-un-evento-musical-sin-precedentes\/","title":{"rendered":"La Ayuda Humanitaria llegar\u00e1 a Venezuela con un Evento Musical  Sin Precedentes"},"content":{"rendered":"<p style=\"text-align: justify;\">Un evento sin precedentes por\u00a0<strong>ayuda humanitaria para Venezuela,<\/strong>\u00a0contar\u00e1 con la participaci\u00f3n de m\u00e1s de\u00a0<strong>10 importantes artistas nacionales e internacionales que se dar\u00e1n cita el pr\u00f3ximo 22 de Febrero en C\u00facuta,<\/strong>\u00a0un concierto en beneficio de los venezolanos.<\/p>\n<p style=\"text-align: justify;\">El evento cuenta con apoyo log\u00edstico y patrocinio del empresario y fundador de la aerol\u00ednea\u00a0<strong>Virgin, Richard Branson,<\/strong>\u00a0quien se suma a la causa de entregar ayudas, suministros y alimentos a los venezolanos que sufren como consecuencia de la crisis que vive su pa\u00eds.<\/p>\n<blockquote class=\"instagram-media\" style=\"background: #FFF; border: 0; border-radius: 3px; box-shadow: 0 0 1px 0 rgba(0,0,0,0.5),0 1px 10px 0 rgba(0,0,0,0.15); margin: 1px; max-width: 540px; min-width: 326px; padding: 0; width: calc(100% - 2px);\" data-instgrm-captioned=\"\" data-instgrm-permalink=\"https:\/\/www.instagram.com\/p\/Bt3tod1FQaT\/?utm_source=ig_embed&amp;utm_medium=loading\" data-instgrm-version=\"12\">\n<div style=\"padding: 16px;\">\n<p>&nbsp;<\/p>\n<div style=\"display: flex; flex-direction: row; align-items: center;\">\n<div style=\"background-color: #f4f4f4; border-radius: 50%; flex-grow: 0; height: 40px; margin-right: 14px; width: 40px;\"><\/div>\n<div style=\"display: flex; flex-direction: column; flex-grow: 1; justify-content: center;\">\n<div style=\"background-color: #f4f4f4; border-radius: 4px; flex-grow: 0; height: 14px; margin-bottom: 6px; width: 100px;\"><\/div>\n<div style=\"background-color: #f4f4f4; border-radius: 4px; flex-grow: 0; height: 14px; width: 60px;\"><\/div>\n<\/div>\n<\/div>\n<div style=\"padding: 19% 0;\"><\/div>\n<div style=\"display: block; height: 50px; margin: 0 auto 12px; width: 50px;\"><\/div>\n<div style=\"padding-top: 8px;\">\n<div style=\"color: #3897f0; font-family: Arial,sans-serif; font-size: 14px; font-style: normal; font-weight: 550; line-height: 18px;\">Ver esta publicaci\u00f3n en Instagram<\/div>\n<\/div>\n<div style=\"padding: 12.5% 0;\"><\/div>\n<div style=\"display: flex; flex-direction: row; margin-bottom: 14px; align-items: center;\">\n<div>\n<div style=\"background-color: #f4f4f4; border-radius: 50%; height: 12.5px; width: 12.5px; transform: translateX(0px) translateY(7px);\"><\/div>\n<div style=\"background-color: #f4f4f4; height: 12.5px; transform: rotate(-45deg) translateX(3px) translateY(1px); width: 12.5px; flex-grow: 0; margin-right: 14px; margin-left: 2px;\"><\/div>\n<div style=\"background-color: #f4f4f4; border-radius: 50%; height: 12.5px; width: 12.5px; transform: translateX(9px) translateY(-18px);\"><\/div>\n<\/div>\n<div style=\"margin-left: 8px;\">\n<div style=\"background-color: #f4f4f4; border-radius: 50%; flex-grow: 0; height: 20px; width: 20px;\"><\/div>\n<div style=\"width: 0; height: 0; border-top: 2px solid transparent; border-left: 6px solid #f4f4f4; border-bottom: 2px solid transparent; transform: translateX(16px) translateY(-4px) rotate(30deg);\"><\/div>\n<\/div>\n<div style=\"margin-left: auto;\">\n<div style=\"width: 0px; border-top: 8px solid #F4F4F4; border-right: 8px solid transparent; transform: translateY(16px);\"><\/div>\n<div style=\"background-color: #f4f4f4; flex-grow: 0; height: 12px; width: 16px; transform: translateY(-4px);\"><\/div>\n<div style=\"width: 0; height: 0; border-top: 8px solid #F4F4F4; border-left: 8px solid transparent; transform: translateY(-4px) translateX(8px);\"><\/div>\n<\/div>\n<\/div>\n<p>&nbsp;<\/p>\n<p style=\"margin: 8px 0 0 0; padding: 0 4px;\"><a style=\"color: #000; font-family: Arial,sans-serif; font-size: 14px; font-style: normal; font-weight: normal; line-height: 17px; text-decoration: none; word-wrap: break-word;\" href=\"https:\/\/www.instagram.com\/p\/Bt3tod1FQaT\/?utm_source=ig_embed&amp;utm_medium=loading\" target=\"_blank\" rel=\"noopener\">El magnate ingl\u00e9s @Richardbranson organiz\u00f3 un concierto para el pr\u00f3ximo 22 de febrero en C\u00facuta, Colombia con importantes artistas internacionales. El objetivo del show es recaudar 100 millones de d\u00f3lares para enviar ayuda humanitaria a Venezuela. \u00abJuan Guaid\u00f3, quien ha sido reconocido como el leg\u00edtimo presidente de Venezuela por m\u00e1s de 40 naciones y la Uni\u00f3n Europea, y Leopoldo L\u00f3pez, un l\u00edder de la oposici\u00f3n actualmente bajo arresto domiciliario en Caracas, nos han pedido que ayudemos a organizar un hermoso concierto para atraer la atenci\u00f3n mundial y recaudar fondos para la ayuda humanitaria escencial\u00bb, dijo Branson. #CaraotaShow #CaraotaDigital<\/a><\/p>\n<p style=\"color: #c9c8cd; font-family: Arial,sans-serif; font-size: 14px; line-height: 17px; margin-bottom: 0; margin-top: 8px; overflow: hidden; padding: 8px 0 7px; text-align: center; text-overflow: ellipsis; white-space: nowrap;\">Una publicaci\u00f3n compartida de <a style=\"color: #c9c8cd; font-family: Arial,sans-serif; font-size: 14px; font-style: normal; font-weight: normal; line-height: 17px;\" href=\"https:\/\/www.instagram.com\/caraotashow\/?utm_source=ig_embed&amp;utm_medium=loading\" target=\"_blank\" rel=\"noopener\"> Caraota Show<\/a> (@caraotashow) el <time style=\"font-family: Arial,sans-serif; font-size: 14px; line-height: 17px;\" datetime=\"2019-02-14T17:27:58+00:00\">14 Feb, 2019 a las 9:27 PST<\/time><\/p>\n<\/div>\n<\/blockquote>\n<p><script async src=\"\/\/www.instagram.com\/embed.js\"><\/script><\/p>\n<p style=\"text-align: justify;\">El concierto ser\u00e1 por parte de\u00a0<strong>Carlos Vives, Luis Fonsi, Fonseca, Juanes, Nacho, Lele Pons, Dj Alesso, Rudy Mancuso, Ricardo Montaner, Mau y Ricky, Danny Ocean, Alejandro Sanz, Anitta y Marko.<\/strong><\/p>\n<blockquote class=\"twitter-tweet\" data-lang=\"es\">\n<p dir=\"ltr\" lang=\"es\"><a href=\"https:\/\/twitter.com\/hashtag\/ULTIMAHORA?src=hash&amp;ref_src=twsrc%5Etfw\">#ULTIMAHORA<\/a> La Ayuda Humanitaria llegara a Venezuela con un Evento Musical SIN PRECEDENTES en la frontera Colombo-Venezolana! <a href=\"https:\/\/twitter.com\/hashtag\/AyudaHumanitaria?src=hash&amp;ref_src=twsrc%5Etfw\">#AyudaHumanitaria<\/a> <a href=\"https:\/\/t.co\/XfCALyKP3H\">https:\/\/t.co\/XfCALyKP3H<\/a> <a href=\"https:\/\/t.co\/OkVT0W0voB\">pic.twitter.com\/OkVT0W0voB<\/a><\/p>\n<p>\u2014 Prensa Today (@PrensaToday) <a href=\"https:\/\/twitter.com\/PrensaToday\/status\/1096065469440770048?ref_src=twsrc%5Etfw\">14 de febrero de 2019<\/a><\/p><\/blockquote>\n<p><script async src=\"https:\/\/platform.twitter.com\/widgets.js\" charset=\"utf-8\"><\/script><br \/>\n<span style=\"text-align: justify;\">Adem\u00e1s s<\/span><span style=\"text-align: justify;\">e espera que pronto el empresario brinde m\u00e1s detalles del evento.<\/span><\/p>\n<div class=\"SandboxRoot env-bp-350\" data-twitter-event-id=\"0\">\n<div id=\"twitter-widget-0\" class=\"EmbeddedTweet EmbeddedTweet--cta EmbeddedTweet--mediaForward media-forward js-clickToOpenTarget js-tweetIdInfo tweet-InformationCircle-widgetParent\" lang=\"es\" data-click-to-open-target=\"https:\/\/twitter.com\/Analitica\/status\/1096099248536461312\" data-iframe-title=\"Tweet de Twitter\" data-scribe=\"page:tweet\" data-tweet-id=\"1096099248536461312\" data-twitter-event-id=\"1\">\n<article class=\"MediaCard MediaCard--mediaForward cards-multimedia customisable-border\" dir=\"ltr\" data-scribe=\"component:card\">\n<div class=\"MediaCard-media\">\n<div class=\"MediaCard-widthConstraint js-cspForcedStyle\" data-style=\"max-width: 2000px\">\n<div class=\"MediaCard-mediaContainer js-cspForcedStyle\" data-style=\"padding-bottom: 56.2500%\">\n<div class=\"NaturalImage-ctaOverlay PlayButton PlayButton--centered\" data-scribe=\"element:play_button\">\n<div class=\"Icon Icon--playCircle \" style=\"text-align: justify;\" title=\"Reproducir contenido multimedia\" role=\"img\" aria-label=\"Reproducir contenido multimedia\">\n<p style=\"text-align: justify;\">El presidente encargado de Venezuela, Juan Guaid\u00f3, anunci\u00f3 que el<strong>\u00a0ingreso de la ayuda humanitaria a Venezuela ser\u00e1 un d\u00eda despu\u00e9s del mencionado concierto, el 23 de Febrero.<\/strong><\/p>\n<blockquote class=\"twitter-tweet\" data-lang=\"es\">\n<p dir=\"ltr\" lang=\"es\">El Mega concierto en apoyo a Venezuela el 22 de febrero, en C\u00facuta. Por la <a href=\"https:\/\/twitter.com\/hashtag\/AyudaHumanitaria?src=hash&amp;ref_src=twsrc%5Etfw\">#AyudaHumanitaria<\/a> <a href=\"https:\/\/twitter.com\/hashtag\/AyudaYLibertadVenezuela?src=hash&amp;ref_src=twsrc%5Etfw\">#AyudaYLibertadVenezuela<\/a> <a href=\"https:\/\/t.co\/tVLXYlsBrU\">pic.twitter.com\/tVLXYlsBrU<\/a><\/p>\n<p>\u2014 Mari Montes \u26be\ufe0f (@porlagoma) <a href=\"https:\/\/twitter.com\/porlagoma\/status\/1096100046670565380?ref_src=twsrc%5Etfw\">14 de febrero de 2019<\/a><\/p><\/blockquote>\n<p><script async src=\"https:\/\/platform.twitter.com\/widgets.js\" charset=\"utf-8\"><\/script><\/p>\n<h6>Fuente: Oro Noticia<\/h6>\n<\/div>\n<\/div>\n<\/div>\n<\/div>\n<\/div>\n<\/article>\n<\/div>\n<\/div>\n<p>&nbsp;<\/p>\n","protected":false},"excerpt":{"rendered":"<p>Un evento sin precedentes por\u00a0ayuda humanitaria para Venezuela,\u00a0contar\u00e1 con la participaci\u00f3n de m\u00e1s de\u00a010 importantes artistas nacionales e internacionales que se dar\u00e1n cita el pr\u00f3ximo 22 de Febrero en C\u00facuta,\u00a0un concierto en beneficio de los venezolanos. El evento cuenta con apoyo log\u00edstico y patrocinio del empresario y fundador de la aerol\u00ednea\u00a0Virgin, Richard Branson,\u00a0quien se suma [&hellip;]<\/p>\n","protected":false},"author":1,"featured_media":922,"comment_status":"open","ping_status":"open","sticky":false,"template":"","format":"standard","meta":{"footnotes":""},"categories":[121],"tags":[188,563,728,859,863,943,1484,1907,1987,2027,2098,2353,2877,2883,3123,3581,3993,4004,4348,4579,4726,4773,5182,6483,6485,6609,6905,7639,7757],"class_list":["post-921","post","type-post","status-publish","format-standard","has-post-thumbnail","category-noticias-musicales","tag-ayudahumanitaria","tag-alejandro-sanz","tag-anitta","tag-artistas-internacionales","tag-artistas-nacionales","tag-ayuda-humanitaria","tag-carlos-vives","tag-consecuencia","tag-crisis","tag-cucuta","tag-danny-ocean","tag-dj-alesso","tag-evento","tag-evento-sin-precedentes","tag-fonseca","tag-humanitaria-para-venezuela","tag-juan-guaido","tag-juanes","tag-lele-pons","tag-luis-fonsi","tag-marko","tag-mau-y-ricky","tag-nacho","tag-ricardo-montaner","tag-richard-branson","tag-rudy-mancuso","tag-sin-precedentes","tag-venezuela","tag-virgin"],"_links":{"self":[{"href":"https:\/\/starsworldproduction.com\/web\/wp-json\/wp\/v2\/posts\/921","targetHints":{"allow":["GET"]}}],"collection":[{"href":"https:\/\/starsworldproduction.com\/web\/wp-json\/wp\/v2\/posts"}],"about":[{"href":"https:\/\/starsworldproduction.com\/web\/wp-json\/wp\/v2\/types\/post"}],"author":[{"embeddable":true,"href":"https:\/\/starsworldproduction.com\/web\/wp-json\/wp\/v2\/users\/1"}],"replies":[{"embeddable":true,"href":"https:\/\/starsworldproduction.com\/web\/wp-json\/wp\/v2\/comments?post=921"}],"version-history":[{"count":0,"href":"https:\/\/starsworldproduction.com\/web\/wp-json\/wp\/v2\/posts\/921\/revisions"}],"wp:featuredmedia":[{"embeddable":true,"href":"https:\/\/starsworldproduction.com\/web\/wp-json\/wp\/v2\/media\/922"}],"wp:attachment":[{"href":"https:\/\/starsworldproduction.com\/web\/wp-json\/wp\/v2\/media?parent=921"}],"wp:term":[{"taxonomy":"category","embeddable":true,"href":"https:\/\/starsworldproduction.com\/web\/wp-json\/wp\/v2\/categories?post=921"},{"taxonomy":"post_tag","embeddable":true,"href":"https:\/\/starsworldproduction.com\/web\/wp-json\/wp\/v2\/tags?post=921"}],"curies":[{"name":"wp","href":"https:\/\/api.w.org\/{rel}","templated":true}]}}