{"id":934,"date":"2019-02-20T23:30:04","date_gmt":"2019-02-20T23:30:04","guid":{"rendered":"https:\/\/www.starsworldproduction.com\/?p=934"},"modified":"2019-02-20T23:30:04","modified_gmt":"2019-02-20T23:30:04","slug":"premios-lo-nuestro-daddy-yankee-sera-homenajeado-por-su-trayectoria-musical","status":"publish","type":"post","link":"https:\/\/starsworldproduction.com\/web\/2019\/02\/20\/premios-lo-nuestro-daddy-yankee-sera-homenajeado-por-su-trayectoria-musical\/","title":{"rendered":"Premios Lo Nuestro: Daddy Yankee ser\u00e1 homenajeado por su trayectoria musical"},"content":{"rendered":"<p id=\"p607916-m406-405-407\" class=\"parrafo first-parrafo\" style=\"text-align: justify;\">Cabe destacar el int\u00e9rprete de \u201cGasolina\u201d,\u00a0<b>Daddy Yankee,<\/b>\u00a0recibir\u00e1 el 21 de febrero de 2019 . Adem\u00e1s con el Premio a la Trayectoria en la ceremonia anual de los\u00a0<b>Premios Lo Nuestro.<\/b><\/p>\n<blockquote class=\"instagram-media\" style=\"background: #FFF; border: 0; border-radius: 3px; box-shadow: 0 0 1px 0 rgba(0,0,0,0.5),0 1px 10px 0 rgba(0,0,0,0.15); margin: 1px; max-width: 540px; min-width: 326px; padding: 0; width: calc(100% - 2px);\" data-instgrm-captioned=\"\" data-instgrm-permalink=\"https:\/\/www.instagram.com\/p\/BsY0EGVloBf\/?utm_source=ig_embed&amp;utm_medium=loading\" data-instgrm-version=\"12\">\n<div style=\"padding: 16px;\">\n<p>&nbsp;<\/p>\n<div style=\"display: flex; flex-direction: row; align-items: center;\"><\/div>\n<div style=\"padding: 19% 0;\"><\/div>\n<div style=\"display: block; height: 50px; margin: 0 auto 12px; width: 50px;\"><\/div>\n<div style=\"padding-top: 8px;\">\n<div style=\"color: #3897f0; font-family: Arial,sans-serif; font-size: 14px; font-style: normal; font-weight: 550; line-height: 18px;\">Ver esta publicaci\u00f3n en Instagram<\/div>\n<\/div>\n<div style=\"padding: 12.5% 0;\"><\/div>\n<div style=\"display: flex; flex-direction: row; margin-bottom: 14px; align-items: center;\"><\/div>\n<p>&nbsp;<\/p>\n<p style=\"margin: 8px 0 0 0; padding: 0 4px;\"><a style=\"color: #000; font-family: Arial,sans-serif; font-size: 14px; font-style: normal; font-weight: normal; line-height: 17px; text-decoration: none; word-wrap: break-word;\" href=\"https:\/\/www.instagram.com\/p\/BsY0EGVloBf\/?utm_source=ig_embed&amp;utm_medium=loading\" target=\"_blank\" rel=\"noopener\">Activando al #Dyarmy Gracias @premiolonuestro por las nominaciones. A Votar www.premiolonuestro.com #Dy #daddyyankee<\/a><\/p>\n<p style=\"color: #c9c8cd; font-family: Arial,sans-serif; font-size: 14px; line-height: 17px; margin-bottom: 0; margin-top: 8px; overflow: hidden; padding: 8px 0 7px; text-align: center; text-overflow: ellipsis; white-space: nowrap;\">Una publicaci\u00f3n compartida de <a style=\"color: #c9c8cd; font-family: Arial,sans-serif; font-size: 14px; font-style: normal; font-weight: normal; line-height: 17px;\" href=\"https:\/\/www.instagram.com\/daddyyankee\/?utm_source=ig_embed&amp;utm_medium=loading\" target=\"_blank\" rel=\"noopener\"> Daddy Yankee<\/a> (@daddyyankee) el <time style=\"font-family: Arial,sans-serif; font-size: 14px; line-height: 17px;\" datetime=\"2019-01-08T20:54:18+00:00\">8 Ene, 2019 a las 12:54 PST<\/time><\/p>\n<\/div>\n<\/blockquote>\n<p><script src=\"\/\/www.instagram.com\/embed.js\" async=\"\"><\/script><\/p>\n<p>El artista puertorrique\u00f1o\u00a0<b>Daddy Yankee<\/b>\u00a0se presentar\u00e1 en la gala con su nuevo \u00e9xito \u201cCalma\u201d, el cual apenas tiene dos semanas de estreno y ya cuenta con m\u00e1s de cien millones de reproducciones en YouTube.<\/p>\n<blockquote class=\"instagram-media\" style=\"background: #FFF; border: 0; border-radius: 3px; box-shadow: 0 0 1px 0 rgba(0,0,0,0.5),0 1px 10px 0 rgba(0,0,0,0.15); margin: 1px; max-width: 540px; min-width: 326px; padding: 0; width: calc(100% - 2px);\" data-instgrm-captioned=\"\" data-instgrm-permalink=\"https:\/\/www.instagram.com\/p\/BtB6-7Il9Ue\/?utm_source=ig_embed&amp;utm_medium=loading\" data-instgrm-version=\"12\">\n<div style=\"padding: 16px;\">\n&nbsp;<\/p>\n<div style=\"display: flex; flex-direction: row; align-items: center;\"><\/div>\n<div style=\"padding: 19% 0;\"><\/div>\n<div style=\"display: block; height: 50px; margin: 0 auto 12px; width: 50px;\"><\/div>\n<div style=\"padding-top: 8px;\">\n<div style=\"color: #3897f0; font-family: Arial,sans-serif; font-size: 14px; font-style: normal; font-weight: 550; line-height: 18px;\">Ver esta publicaci\u00f3n en Instagram<\/div>\n<\/div>\n<div style=\"padding: 12.5% 0;\"><\/div>\n<div style=\"display: flex; flex-direction: row; margin-bottom: 14px; align-items: center;\"><\/div>\n<p>&nbsp;<\/p>\n<p><a style=\"color: #000; font-family: Arial,sans-serif; font-size: 14px; font-style: normal; font-weight: normal; line-height: 17px; text-decoration: none; word-wrap: break-word;\" href=\"https:\/\/www.instagram.com\/p\/BtB6-7Il9Ue\/?utm_source=ig_embed&amp;utm_medium=loading\" target=\"_blank\" rel=\"noopener\">#ConCalma llega \u00a1Con Fuerza! \ud83d\udcaa\ud83c\udffc Aqu\u00ed un taste del nuevo sencillo de Daddy Yankee y que todos podr\u00e1n disfrutar en vivo POR PRIMERA VEZ en #PremioLoNuestro este 21 de Febrero por @Univision \ud83d\ude4c\ud83c\udffc<\/a><\/p>\n<p>Una publicaci\u00f3n compartida de <a style=\"color: #c9c8cd; font-family: Arial,sans-serif; font-size: 14px; font-style: normal; font-weight: normal; line-height: 17px;\" href=\"https:\/\/www.instagram.com\/premiolonuestro\/?utm_source=ig_embed&amp;utm_medium=loading\" target=\"_blank\" rel=\"noopener\"> Premio Lo Nuestro<\/a> (@premiolonuestro) el <time style=\"font-family: Arial,sans-serif; font-size: 14px; line-height: 17px;\" datetime=\"2019-01-24T20:05:34+00:00\">24 Ene, 2019 a las 12:05 PST<\/time>\n<\/div>\n<\/blockquote>\n<p><script src=\"\/\/www.instagram.com\/embed.js\" async=\"\"><\/script><\/p>\n<p style=\"text-align: justify;\">Asimismo,\u00a0<b>Daddy Yankee<\/b>\u00a0realizar\u00e1 un performance especial de sus grandes \u00e9xitos \u201cLo que pas\u00f3, pas\u00f3\u201d, \u201cRompe\u201d, \u201cElla me levant\u00f3\u201d, \u201cGasolina\u201d, entre otras canciones.Adem\u00e1s festejar\u00e1 los 15 a\u00f1os de su ic\u00f3nico disco \u201cBarrio Fino\u201d, con el cual gan\u00f3 un Latin Grammy en el 2004 (Mejor \u00c1lbum Urbano) y se llev\u00f3 un trofeo en los\u00a0<b>Premios Lo Nuestro<\/b>\u00a02004 (\u00c1lbum del a\u00f1o).<\/p>\n<blockquote class=\"instagram-media\" style=\"background: #FFF; border: 0; border-radius: 3px; box-shadow: 0 0 1px 0 rgba(0,0,0,0.5),0 1px 10px 0 rgba(0,0,0,0.15); margin: 1px; max-width: 540px; min-width: 326px; padding: 0; width: calc(100% - 2px);\" data-instgrm-captioned=\"\" data-instgrm-permalink=\"https:\/\/www.instagram.com\/p\/Bs_PRdwleMX\/?utm_source=ig_embed&amp;utm_medium=loading\" data-instgrm-version=\"12\">\n<div style=\"padding: 16px;\">\n<p>&nbsp;<\/p>\n<div style=\"display: flex; flex-direction: row; align-items: center;\"><\/div>\n<div style=\"padding: 19% 0;\"><\/div>\n<div style=\"display: block; height: 50px; margin: 0 auto 12px; width: 50px;\"><\/div>\n<div style=\"padding-top: 8px;\">\n<div style=\"color: #3897f0; font-family: Arial,sans-serif; font-size: 14px; font-style: normal; font-weight: 550; line-height: 18px;\">Ver esta publicaci\u00f3n en Instagram<\/div>\n<\/div>\n<div style=\"padding: 12.5% 0;\"><\/div>\n<div style=\"display: flex; flex-direction: row; margin-bottom: 14px; align-items: center;\"><\/div>\n<p>&nbsp;<\/p>\n<p style=\"margin: 8px 0 0 0; padding: 0 4px;\"><a style=\"color: #000; font-family: Arial,sans-serif; font-size: 14px; font-style: normal; font-weight: normal; line-height: 17px; text-decoration: none; word-wrap: break-word;\" href=\"https:\/\/www.instagram.com\/p\/Bs_PRdwleMX\/?utm_source=ig_embed&amp;utm_medium=loading\" target=\"_blank\" rel=\"noopener\">Con 5 Nominaciones y un reconocimiento especial, Daddy Yankee promete prender el escenario en La Nueva Era de #PremioLoNuestro \ud83c\udfbc \u00bfEst\u00e1n listos?<\/a><\/p>\n<p style=\"color: #c9c8cd; font-family: Arial,sans-serif; font-size: 14px; line-height: 17px; margin-bottom: 0; margin-top: 8px; overflow: hidden; padding: 8px 0 7px; text-align: center; text-overflow: ellipsis; white-space: nowrap;\">Una publicaci\u00f3n compartida de <a style=\"color: #c9c8cd; font-family: Arial,sans-serif; font-size: 14px; font-style: normal; font-weight: normal; line-height: 17px;\" href=\"https:\/\/www.instagram.com\/premiolonuestro\/?utm_source=ig_embed&amp;utm_medium=loading\" target=\"_blank\" rel=\"noopener\"> Premio Lo Nuestro<\/a> (@premiolonuestro) el <time style=\"font-family: Arial,sans-serif; font-size: 14px; line-height: 17px;\" datetime=\"2019-01-23T19:03:12+00:00\">23 Ene, 2019 a las 11:03 PST<\/time><\/p>\n<\/div>\n<\/blockquote>\n<p><script src=\"\/\/www.instagram.com\/embed.js\" async=\"\"><\/script><\/p>\n<p>Artistas como J Balvin, De la Ghetto, Ozuna, Yandel y Zion &amp; Lennox, tambi\u00e9n rendir\u00e1n homenaje a\u00a0<b>Daddy Yankee<\/b>\u00a0en la ceremonia de los\u00a0<b>Premios Lo Nuestro<\/b>\u00a0y se presentar\u00e1n en el escenario con algunos otros cantantes.<\/p>\n<blockquote class=\"instagram-media\" style=\"background: #FFF; border: 0; border-radius: 3px; box-shadow: 0 0 1px 0 rgba(0,0,0,0.5),0 1px 10px 0 rgba(0,0,0,0.15); margin: 1px; max-width: 540px; min-width: 326px; padding: 0; width: calc(100% - 2px);\" data-instgrm-captioned=\"\" data-instgrm-permalink=\"https:\/\/www.instagram.com\/p\/Bsd14SmnyNy\/?utm_source=ig_embed&amp;utm_medium=loading\" data-instgrm-version=\"12\">\n<div style=\"padding: 16px;\">\n&nbsp;<\/p>\n<div style=\"display: flex; flex-direction: row; align-items: center;\"><\/div>\n<div style=\"padding: 19% 0;\"><\/div>\n<div style=\"display: block; height: 50px; margin: 0 auto 12px; width: 50px;\"><\/div>\n<div style=\"padding-top: 8px;\">\n<div style=\"color: #3897f0; font-family: Arial,sans-serif; font-size: 14px; font-style: normal; font-weight: 550; line-height: 18px;\">Ver esta publicaci\u00f3n en Instagram<\/div>\n<\/div>\n<div style=\"padding: 12.5% 0;\"><\/div>\n<div style=\"display: flex; flex-direction: row; margin-bottom: 14px; align-items: center;\"><\/div>\n<p>&nbsp;<\/p>\n<p><a style=\"color: #000; font-family: Arial,sans-serif; font-size: 14px; font-style: normal; font-weight: normal; line-height: 17px; text-decoration: none; word-wrap: break-word;\" href=\"https:\/\/www.instagram.com\/p\/Bsd14SmnyNy\/?utm_source=ig_embed&amp;utm_medium=loading\" target=\"_blank\" rel=\"noopener\">\ud83c\udf40Lucky Number 12\u2618\ufe0f @jbalvin y @badbunnypr est\u00e1n on FIRE!\ud83d\udd25\ud83d\udd25\ud83d\udd25cada uno nominado este a\u00f1o a 12 #PremioLoNuestro taking Latin Music to another level \ud83d\udd1d Recuerden que s\u00f3lo quedan 12 d\u00edas para poder votar por tu favorito en premiolonuestro.com \ud83d\ude4f\ud83c\udffd\ud83d\ude4f\ud83c\udffd<\/a><\/p>\n<p>Una publicaci\u00f3n compartida de <a style=\"color: #c9c8cd; font-family: Arial,sans-serif; font-size: 14px; font-style: normal; font-weight: normal; line-height: 17px;\" href=\"https:\/\/www.instagram.com\/premiolonuestro\/?utm_source=ig_embed&amp;utm_medium=loading\" target=\"_blank\" rel=\"noopener\"> Premio Lo Nuestro<\/a> (@premiolonuestro) el <time style=\"font-family: Arial,sans-serif; font-size: 14px; line-height: 17px;\" datetime=\"2019-01-10T19:46:22+00:00\">10 Ene, 2019 a las 11:46 PST<\/time>\n<\/div>\n<\/blockquote>\n<p><script src=\"\/\/www.instagram.com\/embed.js\" async=\"\"><\/script><\/p>\n<p id=\"p607916-m441-6-442\" class=\"parrafo first-parrafo\" style=\"text-align: justify;\">Por encima de todo en la ceremonia de este a\u00f1o, Natti Natasha lidera con 15 nominaciones.<\/p>\n<blockquote class=\"instagram-media\" style=\"background: #FFF; border: 0; border-radius: 3px; box-shadow: 0 0 1px 0 rgba(0,0,0,0.5),0 1px 10px 0 rgba(0,0,0,0.15); margin: 1px; max-width: 540px; min-width: 326px; padding: 0; width: calc(100% - 2px);\" data-instgrm-captioned=\"\" data-instgrm-permalink=\"https:\/\/www.instagram.com\/p\/Bs_V1WOFDjA\/?utm_source=ig_embed&amp;utm_medium=loading\" data-instgrm-version=\"12\">\n<div style=\"padding: 16px;\">\n<p>&nbsp;<\/p>\n<div style=\"display: flex; flex-direction: row; align-items: center;\"><\/div>\n<div style=\"padding: 19% 0;\"><\/div>\n<div style=\"display: block; height: 50px; margin: 0 auto 12px; width: 50px;\"><\/div>\n<div style=\"padding-top: 8px;\">\n<div style=\"color: #3897f0; font-family: Arial,sans-serif; font-size: 14px; font-style: normal; font-weight: 550; line-height: 18px;\">Ver esta publicaci\u00f3n en Instagram<\/div>\n<\/div>\n<div style=\"padding: 12.5% 0;\"><\/div>\n<div style=\"display: flex; flex-direction: row; margin-bottom: 14px; align-items: center;\"><\/div>\n<p>&nbsp;<\/p>\n<p style=\"margin: 8px 0 0 0; padding: 0 4px;\"><a style=\"color: #000; font-family: Arial,sans-serif; font-size: 14px; font-style: normal; font-weight: normal; line-height: 17px; text-decoration: none; word-wrap: break-word;\" href=\"https:\/\/www.instagram.com\/p\/Bs_V1WOFDjA\/?utm_source=ig_embed&amp;utm_medium=loading\" target=\"_blank\" rel=\"noopener\">Con 15 nominaciones \ud83c\udfbc Natti Natasha es la artista m\u00e1s nominada en La Nueva Era de #PremioLoNuestro \ud83d\ude4c\ud83c\udffb \u00bfEst\u00e1n listos para su presentaci\u00f3n?<\/a><\/p>\n<p style=\"color: #c9c8cd; font-family: Arial,sans-serif; font-size: 14px; line-height: 17px; margin-bottom: 0; margin-top: 8px; overflow: hidden; padding: 8px 0 7px; text-align: center; text-overflow: ellipsis; white-space: nowrap;\">Una publicaci\u00f3n compartida de <a style=\"color: #c9c8cd; font-family: Arial,sans-serif; font-size: 14px; font-style: normal; font-weight: normal; line-height: 17px;\" href=\"https:\/\/www.instagram.com\/premiolonuestro\/?utm_source=ig_embed&amp;utm_medium=loading\" target=\"_blank\" rel=\"noopener\"> Premio Lo Nuestro<\/a> (@premiolonuestro) el <time style=\"font-family: Arial,sans-serif; font-size: 14px; line-height: 17px;\" datetime=\"2019-01-23T20:00:31+00:00\">23 Ene, 2019 a las 12:00 PST<\/time><\/p>\n<\/div>\n<\/blockquote>\n<p><script src=\"\/\/www.instagram.com\/embed.js\" async=\"\"><\/script><\/p>\n<p><b>De la misma manera los Premio Lo Nuestro\u00a0<\/b>se transmitir\u00e1n en vivo desde el American Airlines Arena de Miami este 21 de Febrero por Univisi\u00f3n a partir de las 7 p.m. Por lo tanto hora del Este.<\/p>\n<blockquote class=\"instagram-media\" style=\"background: #FFF; border: 0; border-radius: 3px; box-shadow: 0 0 1px 0 rgba(0,0,0,0.5),0 1px 10px 0 rgba(0,0,0,0.15); margin: 1px; max-width: 540px; min-width: 326px; padding: 0; width: calc(100% - 2px);\" data-instgrm-captioned=\"\" data-instgrm-permalink=\"https:\/\/www.instagram.com\/p\/Bt1rWiLFpW5\/?utm_source=ig_embed&amp;utm_medium=loading\" data-instgrm-version=\"12\">\n<div style=\"padding: 16px;\">\n&nbsp;<\/p>\n<div style=\"display: flex; flex-direction: row; align-items: center;\"><\/div>\n<div style=\"padding: 19% 0;\"><\/div>\n<div style=\"display: block; height: 50px; margin: 0 auto 12px; width: 50px;\"><\/div>\n<div style=\"padding-top: 8px;\">\n<div style=\"color: #3897f0; font-family: Arial,sans-serif; font-size: 14px; font-style: normal; font-weight: 550; line-height: 18px;\">Ver esta publicaci\u00f3n en Instagram<\/div>\n<\/div>\n<div style=\"padding: 12.5% 0;\"><\/div>\n<div style=\"display: flex; flex-direction: row; margin-bottom: 14px; align-items: center;\"><\/div>\n<p>&nbsp;<\/p>\n<p><a style=\"color: #000; font-family: Arial,sans-serif; font-size: 14px; font-style: normal; font-weight: normal; line-height: 17px; text-decoration: none; word-wrap: break-word;\" href=\"https:\/\/www.instagram.com\/p\/Bt1rWiLFpW5\/?utm_source=ig_embed&amp;utm_medium=loading\" target=\"_blank\" rel=\"noopener\">Wow! super agradecido con el apoyo MASIVO a mi nuevo sencillo #ConCalma. Todav\u00eda siento esa energ\u00eda como si estuviera empezando mi carrera. \ud83d\ude4f\ud83c\udffd #daddyyankee #dy @snowdko \u2744\ufe0f<\/a><\/p>\n<p>Una publicaci\u00f3n compartida de <a style=\"color: #c9c8cd; font-family: Arial,sans-serif; font-size: 14px; font-style: normal; font-weight: normal; line-height: 17px;\" href=\"https:\/\/www.instagram.com\/daddyyankee\/?utm_source=ig_embed&amp;utm_medium=loading\" target=\"_blank\" rel=\"noopener\"> Daddy Yankee<\/a> (@daddyyankee) el <time style=\"font-family: Arial,sans-serif; font-size: 14px; line-height: 17px;\" datetime=\"2019-02-13T22:27:33+00:00\">13 Feb, 2019 a las 2:27 PST<\/time>\n<\/div>\n<\/blockquote>\n<p><script src=\"\/\/www.instagram.com\/embed.js\" async=\"\"><\/script><\/p>\n<p>&nbsp;<\/p>\n<h6>Fuente: El Comercio<\/h6>\n","protected":false},"excerpt":{"rendered":"<p>Cabe destacar el int\u00e9rprete de \u201cGasolina\u201d,\u00a0Daddy Yankee,\u00a0recibir\u00e1 el 21 de febrero de 2019 . Adem\u00e1s con el Premio a la Trayectoria en la ceremonia anual de los\u00a0Premios Lo Nuestro. &nbsp; Ver esta publicaci\u00f3n en Instagram &nbsp; Activando al #Dyarmy Gracias @premiolonuestro por las nominaciones. A Votar www.premiolonuestro.com #Dy #daddyyankee Una publicaci\u00f3n compartida de Daddy Yankee [&hellip;]<\/p>\n","protected":false},"author":1,"featured_media":935,"comment_status":"open","ping_status":"open","sticky":false,"template":"","format":"standard","meta":{"footnotes":""},"categories":[121],"tags":[247,290,291,537,651,1048,1324,1385,1420,1574,1575,2063,2125,2595,2744,3228,3543,3608,3828,4298,4490,4850,4959,5217,5430,5589,5689,5929,5939,5969,6572,7773,7873,7907],"class_list":["post-934","post","type-post","status-publish","format-standard","has-post-thumbnail","category-noticias-musicales","tag-15-nominaciones","tag-21-de-febrero","tag-21-de-febrero-de-2019","tag-album-del-ano","tag-american-airlines-arena","tag-barrio-fino","tag-calma","tag-canciones","tag-cantantes","tag-ceremonia","tag-ceremonia-anual","tag-daddy-yankee","tag-de-la-ghetto","tag-ella-me-levanto","tag-escenario","tag-gasolina","tag-homenaje","tag-iconico","tag-j-balvin","tag-latin-grammy","tag-lo-que-paso","tag-mejor-album-urbano","tag-miami","tag-natti-natasha","tag-nuevo-exito","tag-ozuna","tag-paso","tag-premio-a-la-trayectoria","tag-premio-lo-nuestro","tag-premios-lo-nuestro-2019","tag-rompe","tag-vivo","tag-yandel-y-zion-lennox","tag-youtube"],"_links":{"self":[{"href":"https:\/\/starsworldproduction.com\/web\/wp-json\/wp\/v2\/posts\/934","targetHints":{"allow":["GET"]}}],"collection":[{"href":"https:\/\/starsworldproduction.com\/web\/wp-json\/wp\/v2\/posts"}],"about":[{"href":"https:\/\/starsworldproduction.com\/web\/wp-json\/wp\/v2\/types\/post"}],"author":[{"embeddable":true,"href":"https:\/\/starsworldproduction.com\/web\/wp-json\/wp\/v2\/users\/1"}],"replies":[{"embeddable":true,"href":"https:\/\/starsworldproduction.com\/web\/wp-json\/wp\/v2\/comments?post=934"}],"version-history":[{"count":0,"href":"https:\/\/starsworldproduction.com\/web\/wp-json\/wp\/v2\/posts\/934\/revisions"}],"wp:featuredmedia":[{"embeddable":true,"href":"https:\/\/starsworldproduction.com\/web\/wp-json\/wp\/v2\/media\/935"}],"wp:attachment":[{"href":"https:\/\/starsworldproduction.com\/web\/wp-json\/wp\/v2\/media?parent=934"}],"wp:term":[{"taxonomy":"category","embeddable":true,"href":"https:\/\/starsworldproduction.com\/web\/wp-json\/wp\/v2\/categories?post=934"},{"taxonomy":"post_tag","embeddable":true,"href":"https:\/\/starsworldproduction.com\/web\/wp-json\/wp\/v2\/tags?post=934"}],"curies":[{"name":"wp","href":"https:\/\/api.w.org\/{rel}","templated":true}]}}