{"id":963,"date":"2019-02-25T23:00:31","date_gmt":"2019-02-25T23:00:31","guid":{"rendered":"https:\/\/www.starsworldproduction.com\/?p=963"},"modified":"2019-02-25T23:00:31","modified_gmt":"2019-02-25T23:00:31","slug":"chino-y-nacho-dejaron-de-lado-las-rencillas-y-se-juntaron-por-venezuela","status":"publish","type":"post","link":"https:\/\/starsworldproduction.com\/web\/2019\/02\/25\/chino-y-nacho-dejaron-de-lado-las-rencillas-y-se-juntaron-por-venezuela\/","title":{"rendered":"Chino y Nacho dejaron de lado las rencillas y se juntaron por Venezuela"},"content":{"rendered":"<p style=\"text-align: justify;\">El concierto<strong>\u00a0Venezuela Aid Live<\/strong>\u00a0se realiz\u00f3 este viernes en el puente Tienditas, de C\u00facuta, Colombia, ciudad que queda en frontera conVenezuela, cont\u00f3 con numerosos artistas internacionales, pero el momento emotivo se dio con el encuentro de\u00a0<strong>Chino y Nacho<\/strong>, quienes se convirtieron en \u00abenemigos p\u00fablicos\u00bb en el 2017, pues juntaron para cantar su \u00e9xito &#8216;Mi ni\u00f1a bonita&#8217;.<\/p>\n<p style=\"text-align: justify;\">El dueto formado por Chino y Nacho se separ\u00f3 tras su concierto del 4 de marzo 2017, esta noticia lo dio a conocer Chino Miranda en una entrevista con Despierta Am\u00e9rica. Despu\u00e9s de 10 a\u00f1os de trabajar juntos, Chino coment\u00f3 que tomar\u00e1n un descanso para trabajar por separado.<\/p>\n<blockquote class=\"instagram-media\" style=\"background: #FFF; border: 0; border-radius: 3px; box-shadow: 0 0 1px 0 rgba(0,0,0,0.5),0 1px 10px 0 rgba(0,0,0,0.15); margin: 1px; max-width: 540px; min-width: 326px; padding: 0; width: calc(100% - 2px);\" data-instgrm-captioned=\"\" data-instgrm-permalink=\"https:\/\/www.instagram.com\/p\/BuOaVUNg-pK\/?utm_source=ig_embed&amp;utm_medium=loading\" data-instgrm-version=\"12\">\n<div style=\"padding: 16px;\">\n<p>&nbsp;<\/p>\n<div style=\"display: flex; flex-direction: row; align-items: center;\">\n<div style=\"background-color: #f4f4f4; border-radius: 50%; flex-grow: 0; height: 40px; margin-right: 14px; width: 40px;\"><\/div>\n<div style=\"display: flex; flex-direction: column; flex-grow: 1; justify-content: center;\">\n<div style=\"background-color: #f4f4f4; border-radius: 4px; flex-grow: 0; height: 14px; margin-bottom: 6px; width: 100px;\"><\/div>\n<div style=\"background-color: #f4f4f4; border-radius: 4px; flex-grow: 0; height: 14px; width: 60px;\"><\/div>\n<\/div>\n<\/div>\n<div style=\"padding: 19% 0;\"><\/div>\n<div style=\"display: block; height: 50px; margin: 0 auto 12px; width: 50px;\"><\/div>\n<div style=\"padding-top: 8px;\">\n<div style=\"color: #3897f0; font-family: Arial,sans-serif; font-size: 14px; font-style: normal; font-weight: 550; line-height: 18px;\">Ver esta publicaci\u00f3n en Instagram<\/div>\n<\/div>\n<div style=\"padding: 12.5% 0;\"><\/div>\n<div style=\"display: flex; flex-direction: row; margin-bottom: 14px; align-items: center;\">\n<div>\n<div style=\"background-color: #f4f4f4; border-radius: 50%; height: 12.5px; width: 12.5px; transform: translateX(0px) translateY(7px);\"><\/div>\n<div style=\"background-color: #f4f4f4; height: 12.5px; transform: rotate(-45deg) translateX(3px) translateY(1px); width: 12.5px; flex-grow: 0; margin-right: 14px; margin-left: 2px;\"><\/div>\n<div style=\"background-color: #f4f4f4; border-radius: 50%; height: 12.5px; width: 12.5px; transform: translateX(9px) translateY(-18px);\"><\/div>\n<\/div>\n<div style=\"margin-left: 8px;\">\n<div style=\"background-color: #f4f4f4; border-radius: 50%; flex-grow: 0; height: 20px; width: 20px;\"><\/div>\n<div style=\"width: 0; height: 0; border-top: 2px solid transparent; border-left: 6px solid #f4f4f4; border-bottom: 2px solid transparent; transform: translateX(16px) translateY(-4px) rotate(30deg);\"><\/div>\n<\/div>\n<div style=\"margin-left: auto;\">\n<div style=\"width: 0px; border-top: 8px solid #F4F4F4; border-right: 8px solid transparent; transform: translateY(16px);\"><\/div>\n<div style=\"background-color: #f4f4f4; flex-grow: 0; height: 12px; width: 16px; transform: translateY(-4px);\"><\/div>\n<div style=\"width: 0; height: 0; border-top: 8px solid #F4F4F4; border-left: 8px solid transparent; transform: translateY(-4px) translateX(8px);\"><\/div>\n<\/div>\n<\/div>\n<p>&nbsp;<\/p>\n<p style=\"margin: 8px 0 0 0; padding: 0 4px;\"><a style=\"color: #000; font-family: Arial,sans-serif; font-size: 14px; font-style: normal; font-weight: normal; line-height: 17px; text-decoration: none; word-wrap: break-word;\" href=\"https:\/\/www.instagram.com\/p\/BuOaVUNg-pK\/?utm_source=ig_embed&amp;utm_medium=loading\" target=\"_blank\" rel=\"noopener\">Ayer cruzamos una frontera hacia nuestra evoluci\u00f3n como seres humanos. Hoy cruzaremos aquella que est\u00e1 all\u00e1 hacia nuestra evoluci\u00f3n como pa\u00eds. La foto fue tomada por el grosero de @ipaniza<\/a><\/p>\n<p style=\"color: #c9c8cd; font-family: Arial,sans-serif; font-size: 14px; line-height: 17px; margin-bottom: 0; margin-top: 8px; overflow: hidden; padding: 8px 0 7px; text-align: center; text-overflow: ellipsis; white-space: nowrap;\">Una publicaci\u00f3n compartida de <a style=\"color: #c9c8cd; font-family: Arial,sans-serif; font-size: 14px; font-style: normal; font-weight: normal; line-height: 17px;\" href=\"https:\/\/www.instagram.com\/nacho\/?utm_source=ig_embed&amp;utm_medium=loading\" target=\"_blank\" rel=\"noopener\"> Nacho \u00abMiguelito\u00bb Mendoza<\/a> (@nacho) el <time style=\"font-family: Arial,sans-serif; font-size: 14px; line-height: 17px;\" datetime=\"2019-02-23T12:59:51+00:00\">23 Feb, 2019 a las 4:59 PST<\/time><\/p>\n<\/div>\n<\/blockquote>\n<p><script async src=\"\/\/www.instagram.com\/embed.js\"><\/script><\/p>\n<p style=\"text-align: justify;\">Ante las diferentes especulaciones de la ruptura, Miguel Ignacio \u2018Nacho\u2019 Mendoza sali\u00f3 al frente para explicar el real motivo de su separaci\u00f3n. \u00c9l revel\u00f3 que opt\u00f3 por dejar el d\u00fao para estar m\u00e1s tiempo con su familia. \u201cSent\u00ed que estaba abandonando a mi familia. He dado todo lo que soy. No tenemos nada que reprocharnos\u201d<\/p>\n<p>Los artistas se abrazaron y mostraron orgullosos las banderas de Venezuela y de Colombia. La escena emocion\u00f3 a miles.<\/p>\n<blockquote class=\"instagram-media\" style=\"background: #FFF; border: 0; border-radius: 3px; box-shadow: 0 0 1px 0 rgba(0,0,0,0.5),0 1px 10px 0 rgba(0,0,0,0.15); margin: 1px; max-width: 540px; min-width: 326px; padding: 0; width: calc(100% - 2px);\" data-instgrm-captioned=\"\" data-instgrm-permalink=\"https:\/\/www.instagram.com\/p\/BuNK1FmAt4r\/?utm_source=ig_embed&amp;utm_medium=loading\" data-instgrm-version=\"12\">\n<div style=\"padding: 16px;\">\n<p>&nbsp;<\/p>\n<div style=\"display: flex; flex-direction: row; align-items: center;\">\n<div style=\"background-color: #f4f4f4; border-radius: 50%; flex-grow: 0; height: 40px; margin-right: 14px; width: 40px;\"><\/div>\n<div style=\"display: flex; flex-direction: column; flex-grow: 1; justify-content: center;\">\n<div style=\"background-color: #f4f4f4; border-radius: 4px; flex-grow: 0; height: 14px; margin-bottom: 6px; width: 100px;\"><\/div>\n<div style=\"background-color: #f4f4f4; border-radius: 4px; flex-grow: 0; height: 14px; width: 60px;\"><\/div>\n<\/div>\n<\/div>\n<div style=\"padding: 19% 0;\"><\/div>\n<div style=\"display: block; height: 50px; margin: 0 auto 12px; width: 50px;\"><\/div>\n<div style=\"padding-top: 8px;\">\n<div style=\"color: #3897f0; font-family: Arial,sans-serif; font-size: 14px; font-style: normal; font-weight: 550; line-height: 18px;\">Ver esta publicaci\u00f3n en Instagram<\/div>\n<\/div>\n<div style=\"padding: 12.5% 0;\"><\/div>\n<div style=\"display: flex; flex-direction: row; margin-bottom: 14px; align-items: center;\">\n<div>\n<div style=\"background-color: #f4f4f4; border-radius: 50%; height: 12.5px; width: 12.5px; transform: translateX(0px) translateY(7px);\"><\/div>\n<div style=\"background-color: #f4f4f4; height: 12.5px; transform: rotate(-45deg) translateX(3px) translateY(1px); width: 12.5px; flex-grow: 0; margin-right: 14px; margin-left: 2px;\"><\/div>\n<div style=\"background-color: #f4f4f4; border-radius: 50%; height: 12.5px; width: 12.5px; transform: translateX(9px) translateY(-18px);\"><\/div>\n<\/div>\n<div style=\"margin-left: 8px;\">\n<div style=\"background-color: #f4f4f4; border-radius: 50%; flex-grow: 0; height: 20px; width: 20px;\"><\/div>\n<div style=\"width: 0; height: 0; border-top: 2px solid transparent; border-left: 6px solid #f4f4f4; border-bottom: 2px solid transparent; transform: translateX(16px) translateY(-4px) rotate(30deg);\"><\/div>\n<\/div>\n<div style=\"margin-left: auto;\">\n<div style=\"width: 0px; border-top: 8px solid #F4F4F4; border-right: 8px solid transparent; transform: translateY(16px);\"><\/div>\n<div style=\"background-color: #f4f4f4; flex-grow: 0; height: 12px; width: 16px; transform: translateY(-4px);\"><\/div>\n<div style=\"width: 0; height: 0; border-top: 8px solid #F4F4F4; border-left: 8px solid transparent; transform: translateY(-4px) translateX(8px);\"><\/div>\n<\/div>\n<\/div>\n<p>&nbsp;<\/p>\n<p style=\"margin: 8px 0 0 0; padding: 0 4px;\"><a style=\"color: #000; font-family: Arial,sans-serif; font-size: 14px; font-style: normal; font-weight: normal; line-height: 17px; text-decoration: none; word-wrap: break-word;\" href=\"https:\/\/www.instagram.com\/p\/BuNK1FmAt4r\/?utm_source=ig_embed&amp;utm_medium=loading\" target=\"_blank\" rel=\"noopener\">#VamosBien \ud83c\uddfb\ud83c\uddea @venezuelaaidlive . . . . #Venezuela #AyudaHumanitaria #venezuelaaidlive #ChynoMiranda<\/a><\/p>\n<p style=\"color: #c9c8cd; font-family: Arial,sans-serif; font-size: 14px; line-height: 17px; margin-bottom: 0; margin-top: 8px; overflow: hidden; padding: 8px 0 7px; text-align: center; text-overflow: ellipsis; white-space: nowrap;\">Una publicaci\u00f3n compartida de <a style=\"color: #c9c8cd; font-family: Arial,sans-serif; font-size: 14px; font-style: normal; font-weight: normal; line-height: 17px;\" href=\"https:\/\/www.instagram.com\/chynomiranda\/?utm_source=ig_embed&amp;utm_medium=loading\" target=\"_blank\" rel=\"noopener\"> CHYNO MIRANDA<\/a> (@chynomiranda) el <time style=\"font-family: Arial,sans-serif; font-size: 14px; line-height: 17px;\" datetime=\"2019-02-23T01:25:08+00:00\">22 Feb, 2019 a las 5:25 PST<\/time><\/p>\n<\/div>\n<\/blockquote>\n<p><script async src=\"\/\/www.instagram.com\/embed.js\"><\/script><\/p>\n<p>Al cierre del espect\u00e1culo apareci\u00f3 el opositor Juan Guaid\u00f3, reconocido por medio centenar de gobiernos como presidente interino de Venezuela, pese a una orden de la justicia af\u00edn al chavismo que le imped\u00eda salir de su pa\u00eds.Este viernes 22 se Febrero el concierto\u00a0<strong>Venezuela Aid Live<\/strong>\u00a0fue el momento preciso para los dos famosos se reencontraran y limaran asperezas en el escenario, sobretodo hacerlo por Venezuela, pa\u00eds natal de ambos.<\/p>\n<p><iframe loading=\"lazy\" src=\"https:\/\/www.youtube.com\/embed\/6hZz_Y8W_BI\" width=\"560\" height=\"315\" frameborder=\"0\" allowfullscreen=\"allowfullscreen\"><\/iframe><\/p>\n<p>&nbsp;<\/p>\n<h6>Fuente. La Republica<\/h6>\n","protected":false},"excerpt":{"rendered":"<p>El concierto\u00a0Venezuela Aid Live\u00a0se realiz\u00f3 este viernes en el puente Tienditas, de C\u00facuta, Colombia, ciudad que queda en frontera conVenezuela, cont\u00f3 con numerosos artistas internacionales, pero el momento emotivo se dio con el encuentro de\u00a0Chino y Nacho, quienes se convirtieron en \u00abenemigos p\u00fablicos\u00bb en el 2017, pues juntaron para cantar su \u00e9xito &#8216;Mi ni\u00f1a bonita&#8217;. [&hellip;]<\/p>\n","protected":false},"author":1,"featured_media":964,"comment_status":"open","ping_status":"open","sticky":false,"template":"","format":"standard","meta":{"footnotes":""},"categories":[121],"tags":[1420,1605,1629,1767,2150,2257,2428,2687,2743,2798,2914,2969,3993,4424,4954,4989,5614,5650,5722,6624,6721,7639,7640],"class_list":["post-963","post","type-post","status-publish","format-standard","has-post-thumbnail","category-noticias-musicales","tag-cantantes","tag-chavismo","tag-chino-y-nacho","tag-colombia","tag-dejar-el-duo","tag-diferentes-especulaciones","tag-dueto","tag-enemigos-publicos","tag-escena-emociono-a-miles","tag-estaba-abandonando","tag-exito","tag-familia","tag-juan-guaido","tag-limaran-asperezas","tag-mi-nina-bonita","tag-miguel-ignacio","tag-pais-natal","tag-para-trabajar-por-separado","tag-pelea","tag-ruptura","tag-se-abrazaron","tag-venezuela","tag-venezuela-aid-live"],"_links":{"self":[{"href":"https:\/\/starsworldproduction.com\/web\/wp-json\/wp\/v2\/posts\/963","targetHints":{"allow":["GET"]}}],"collection":[{"href":"https:\/\/starsworldproduction.com\/web\/wp-json\/wp\/v2\/posts"}],"about":[{"href":"https:\/\/starsworldproduction.com\/web\/wp-json\/wp\/v2\/types\/post"}],"author":[{"embeddable":true,"href":"https:\/\/starsworldproduction.com\/web\/wp-json\/wp\/v2\/users\/1"}],"replies":[{"embeddable":true,"href":"https:\/\/starsworldproduction.com\/web\/wp-json\/wp\/v2\/comments?post=963"}],"version-history":[{"count":0,"href":"https:\/\/starsworldproduction.com\/web\/wp-json\/wp\/v2\/posts\/963\/revisions"}],"wp:featuredmedia":[{"embeddable":true,"href":"https:\/\/starsworldproduction.com\/web\/wp-json\/wp\/v2\/media\/964"}],"wp:attachment":[{"href":"https:\/\/starsworldproduction.com\/web\/wp-json\/wp\/v2\/media?parent=963"}],"wp:term":[{"taxonomy":"category","embeddable":true,"href":"https:\/\/starsworldproduction.com\/web\/wp-json\/wp\/v2\/categories?post=963"},{"taxonomy":"post_tag","embeddable":true,"href":"https:\/\/starsworldproduction.com\/web\/wp-json\/wp\/v2\/tags?post=963"}],"curies":[{"name":"wp","href":"https:\/\/api.w.org\/{rel}","templated":true}]}}