{"id":9675,"date":"2019-09-03T14:16:45","date_gmt":"2019-09-03T14:16:45","guid":{"rendered":"https:\/\/www.starsworldproduction.com\/?p=2771"},"modified":"2019-09-03T14:16:45","modified_gmt":"2019-09-03T14:16:45","slug":"alejandro-sanz-vibrar-nueva-york-corazon-partio","status":"publish","type":"post","link":"https:\/\/starsworldproduction.com\/web\/2019\/09\/03\/alejandro-sanz-vibrar-nueva-york-corazon-partio\/","title":{"rendered":"Alejandro Sanz hace vibrar Nueva York con \u201cCoraz\u00f3n Part\u00edo\u201d"},"content":{"rendered":"<p style=\"text-align: justify;\">Este s\u00e1bado en la noche, el\u00a0Hulu Theater del Madison Square Garden en Nueva York se llen\u00f3 de miles de personas que fueron a disfrutar el concierto del cantautor espa\u00f1ol\u00a0<strong>Alejandro Sanz,<\/strong>\u00a0la presentaci\u00f3n tuvo un cierre m\u00e1gico con una de las canciones m\u00e1s populares del madrile\u00f1o, para la cual\u00a0invit\u00f3 al escenario a la nueva promesa de la m\u00fasica cubana: Cimafunk.<\/p>\n<p style=\"text-align: justify;\">Coraz\u00f3n Part\u00edo\u00a0fue el tema con el que el cantante cubano Erik Alejandro Iglesias debut\u00f3 en el importante recinto de La Gran Manzana, de la mano de uno de los artistas m\u00e1s seguidos y respetados de la industria musical.<\/p>\n<p style=\"text-align: justify;\">El cubano tuvo una acogedora bienvenida por parte de los asistentes al\u00a0concierto y dej\u00f3 a todos con el coraz\u00f3n part\u00edo con su flow y la mezcla de funk y cuban\u00eda que le brota por los poros.<\/p>\n<h5 style=\"text-align: justify;\"><strong>Cimafunk dijo ayer que:<\/strong><\/h5>\n<p style=\"text-align: justify;\">&#8211; \u00abCantar con Alejandro Sanz, uno de los mejores de la historia, es un sue\u00f1o\u00bb<\/p>\n<p style=\"text-align: justify;\">Adem\u00e1s que el hecho fuera en el Madison Square Garden era alucinante.<\/p>\n<blockquote class=\"instagram-media\" style=\"background: #FFF; border: 0; border-radius: 3px; box-shadow: 0 0 1px 0 rgba(0,0,0,0.5),0 1px 10px 0 rgba(0,0,0,0.15); margin: 1px; max-width: 540px; min-width: 326px; padding: 0; width: calc(100% - 2px);\" data-instgrm-captioned=\"\" data-instgrm-permalink=\"https:\/\/www.instagram.com\/p\/B13FeebB_AP\/\" data-instgrm-version=\"12\">\n<div style=\"padding: 16px;\">\n<p>&nbsp;<\/p>\n<div style=\"display: flex; flex-direction: row; align-items: center;\">\n<div style=\"background-color: #f4f4f4; border-radius: 50%; flex-grow: 0; height: 40px; margin-right: 14px; width: 40px;\"><\/div>\n<div style=\"display: flex; flex-direction: column; flex-grow: 1; justify-content: center;\">\n<div style=\"background-color: #f4f4f4; border-radius: 4px; flex-grow: 0; height: 14px; margin-bottom: 6px; width: 100px;\"><\/div>\n<div style=\"background-color: #f4f4f4; border-radius: 4px; flex-grow: 0; height: 14px; width: 60px;\"><\/div>\n<\/div>\n<\/div>\n<div style=\"padding: 19% 0;\"><\/div>\n<div style=\"display: block; height: 50px; margin: 0 auto 12px; width: 50px;\"><\/div>\n<div style=\"padding-top: 8px;\">\n<div style=\"color: #3897f0; font-family: Arial,sans-serif; font-size: 14px; font-style: normal; font-weight: 550; line-height: 18px;\">Ver esta publicaci\u00f3n en Instagram<\/div>\n<\/div>\n<div style=\"padding: 12.5% 0;\"><\/div>\n<div style=\"display: flex; flex-direction: row; margin-bottom: 14px; align-items: center;\">\n<div>\n<div style=\"background-color: #f4f4f4; border-radius: 50%; height: 12.5px; width: 12.5px; transform: translateX(0px) translateY(7px);\"><\/div>\n<div style=\"background-color: #f4f4f4; height: 12.5px; transform: rotate(-45deg) translateX(3px) translateY(1px); width: 12.5px; flex-grow: 0; margin-right: 14px; margin-left: 2px;\"><\/div>\n<div style=\"background-color: #f4f4f4; border-radius: 50%; height: 12.5px; width: 12.5px; transform: translateX(9px) translateY(-18px);\"><\/div>\n<\/div>\n<div style=\"margin-left: 8px;\">\n<div style=\"background-color: #f4f4f4; border-radius: 50%; flex-grow: 0; height: 20px; width: 20px;\"><\/div>\n<div style=\"width: 0; height: 0; border-top: 2px solid transparent; border-left: 6px solid #f4f4f4; border-bottom: 2px solid transparent; transform: translateX(16px) translateY(-4px) rotate(30deg);\"><\/div>\n<\/div>\n<div style=\"margin-left: auto;\">\n<div style=\"width: 0px; border-top: 8px solid #F4F4F4; border-right: 8px solid transparent; transform: translateY(16px);\"><\/div>\n<div style=\"background-color: #f4f4f4; flex-grow: 0; height: 12px; width: 16px; transform: translateY(-4px);\"><\/div>\n<div style=\"width: 0; height: 0; border-top: 8px solid #F4F4F4; border-left: 8px solid transparent; transform: translateY(-4px) translateX(8px);\"><\/div>\n<\/div>\n<\/div>\n<p>&nbsp;<\/p>\n<p style=\"margin: 8px 0 0 0; padding: 0 4px;\"><a style=\"color: #000; font-family: Arial,sans-serif; font-size: 14px; font-style: normal; font-weight: normal; line-height: 17px; text-decoration: none; word-wrap: break-word;\" href=\"https:\/\/www.instagram.com\/p\/B13FeebB_AP\/\" target=\"_blank\" rel=\"noopener\">Repost @ale_velazquezg #alejandrosanz #lagira #newyork #repost @mi_imaginacion Coraz\u00f3n Partio \ud83d\udc94 @alejandrosanz @cimafunk #AlejandroSanz #lagira #corazonpartio<\/a><\/p>\n<p style=\"color: #c9c8cd; font-family: Arial,sans-serif; font-size: 14px; line-height: 17px; margin-bottom: 0; margin-top: 8px; overflow: hidden; padding: 8px 0 7px; text-align: center; text-overflow: ellipsis; white-space: nowrap;\">Una publicaci\u00f3n compartida de <a style=\"color: #c9c8cd; font-family: Arial,sans-serif; font-size: 14px; font-style: normal; font-weight: normal; line-height: 17px;\" href=\"https:\/\/www.instagram.com\/miresmena\/\" target=\"_blank\" rel=\"noopener\"> Mireya Escalante Mena<\/a> (@miresmena) el <time style=\"font-family: Arial,sans-serif; font-size: 14px; line-height: 17px;\" datetime=\"2019-09-01T07:47:31+00:00\">1 Sep, 2019 a las 12:47 PDT<\/time><\/p>\n<\/div>\n<\/blockquote>\n<p><script async src=\"\/\/www.instagram.com\/embed.js\"><\/script><\/p>\n<p style=\"text-align: justify;\">Alejandro y Cimafunk se conocieron en marzo de este a\u00f1o en un cumplea\u00f1os al que asistieron varios famosos como:<\/p>\n<ul style=\"list-style-type: square;\">\n<li style=\"text-align: justify;\">Marc Anthony<\/li>\n<li style=\"text-align: justify;\">Luis Fonsi.<\/li>\n<\/ul>\n<p style=\"text-align: justify;\">Desde ese momento empezaron a desarrollar una amistad que ha dado pie\u00a0a esta invitaci\u00f3n, que podr\u00eda ser\u00a0el primer\u00a0paso para una\u00a0colaboraci\u00f3n\u00a0entre los dos artistas;\u00a0algo que de solo pensarlo se le puede augurar un \u00e9xito rotundo.<\/p>\n<p style=\"text-align: justify;\">Tambi\u00e9n luego de contagiar a la Isla con su mezcla de\u00a0son:<\/p>\n<ul style=\"list-style-type: square;\">\n<li style=\"text-align: justify;\">Jazz.<\/li>\n<li style=\"text-align: justify;\">Funk.<\/li>\n<li style=\"text-align: justify;\">Rap.<\/li>\n<li style=\"text-align: justify;\">Reguet\u00f3n.<\/li>\n<li style=\"text-align: justify;\">Sin duda se convirti\u00f3 en un fen\u00f3meno musical, ahora la\u00a0m\u00fasica de Cimafunk est\u00e1 traspasando fronteras a toda velocidad.<\/li>\n<\/ul>\n<div class=\"article-ads-1 connatix hidden-cu\"><\/div>\n<div class=\"amp-instagram-converted\"><\/div>\n<p>&nbsp;<\/p>\n","protected":false},"excerpt":{"rendered":"<p>Este s\u00e1bado en la noche, el\u00a0Hulu Theater del Madison Square Garden en Nueva York se llen\u00f3 de miles de personas que fueron a disfrutar el concierto del cantautor espa\u00f1ol\u00a0Alejandro Sanz,\u00a0la presentaci\u00f3n tuvo un cierre m\u00e1gico con una de las canciones m\u00e1s populares del madrile\u00f1o, para la cual\u00a0invit\u00f3 al escenario a la nueva promesa de la [&hellip;]<\/p>\n","protected":false},"author":1,"featured_media":2790,"comment_status":"open","ping_status":"open","sticky":false,"template":"","format":"standard","meta":{"footnotes":""},"categories":[121],"tags":[558,563,1385,1403,1661,2467,2744,2768,2877,2914,2992,3182,3436,3524,3868,4579,4692,5141,5161,5254,5991,6241,6364,6853,6914,7215,7683,16],"class_list":["post-9675","post","type-post","status-publish","format-standard","has-post-thumbnail","category-noticias-musicales","tag-alejandro","tag-alejandro-sanz","tag-canciones","tag-cantante","tag-cimafunk","tag-ee-uu","tag-escenario","tag-espanol","tag-evento","tag-exito","tag-fans","tag-funk","tag-hace","tag-hit","tag-jazz","tag-luis-fonsi","tag-marc-anthony","tag-musica","tag-musical","tag-new-york","tag-presentacion","tag-rap","tag-regueton","tag-show","tag-single","tag-temas","tag-vibrar","tag-viral"],"_links":{"self":[{"href":"https:\/\/starsworldproduction.com\/web\/wp-json\/wp\/v2\/posts\/9675","targetHints":{"allow":["GET"]}}],"collection":[{"href":"https:\/\/starsworldproduction.com\/web\/wp-json\/wp\/v2\/posts"}],"about":[{"href":"https:\/\/starsworldproduction.com\/web\/wp-json\/wp\/v2\/types\/post"}],"author":[{"embeddable":true,"href":"https:\/\/starsworldproduction.com\/web\/wp-json\/wp\/v2\/users\/1"}],"replies":[{"embeddable":true,"href":"https:\/\/starsworldproduction.com\/web\/wp-json\/wp\/v2\/comments?post=9675"}],"version-history":[{"count":0,"href":"https:\/\/starsworldproduction.com\/web\/wp-json\/wp\/v2\/posts\/9675\/revisions"}],"wp:featuredmedia":[{"embeddable":true,"href":"https:\/\/starsworldproduction.com\/web\/wp-json\/wp\/v2\/media\/2790"}],"wp:attachment":[{"href":"https:\/\/starsworldproduction.com\/web\/wp-json\/wp\/v2\/media?parent=9675"}],"wp:term":[{"taxonomy":"category","embeddable":true,"href":"https:\/\/starsworldproduction.com\/web\/wp-json\/wp\/v2\/categories?post=9675"},{"taxonomy":"post_tag","embeddable":true,"href":"https:\/\/starsworldproduction.com\/web\/wp-json\/wp\/v2\/tags?post=9675"}],"curies":[{"name":"wp","href":"https:\/\/api.w.org\/{rel}","templated":true}]}}