{"id":969,"date":"2019-02-25T22:30:55","date_gmt":"2019-02-25T22:30:55","guid":{"rendered":"https:\/\/www.starsworldproduction.com\/?p=969"},"modified":"2019-02-25T22:30:55","modified_gmt":"2019-02-25T22:30:55","slug":"leo-dan-agradece-alfonso-cuaron-por-incluir-una-de-sus-canciones-en-roma","status":"publish","type":"post","link":"https:\/\/starsworldproduction.com\/web\/2019\/02\/25\/leo-dan-agradece-alfonso-cuaron-por-incluir-una-de-sus-canciones-en-roma\/","title":{"rendered":"Leo Dan agradece a Alfonso Cuar\u00f3n por incluir una de sus canciones en &#8216;Roma&#8217;"},"content":{"rendered":"<p style=\"text-align: justify;\"><strong>Roma&#8217; de Alfonso Cuar\u00f3n\u00a0<\/strong>se ha llevado todos los aplausos y elogios tanto de la cr\u00edtica, como de la audiencia. Por lo que no cabe duda de que la cinta mexicana piso\u00a0fuerte los Premios de la Academia que se celebraron el 24 de Febrero.<\/p>\n<blockquote class=\"instagram-media\" style=\"background: #FFF; border: 0; border-radius: 3px; box-shadow: 0 0 1px 0 rgba(0,0,0,0.5),0 1px 10px 0 rgba(0,0,0,0.15); margin: 1px; max-width: 540px; min-width: 326px; padding: 0; width: calc(100% - 2px);\" data-instgrm-captioned=\"\" data-instgrm-permalink=\"https:\/\/www.instagram.com\/p\/BuSt9vYgoS7\/?utm_source=ig_embed&amp;utm_medium=loading\" data-instgrm-version=\"12\">\n<div style=\"padding: 16px;\"><a style=\"background: #FFFFFF; line-height: 0; padding: 0 0; text-align: center; text-decoration: none; width: 100%;\" href=\"https:\/\/www.instagram.com\/p\/BuSt9vYgoS7\/?utm_source=ig_embed&amp;utm_medium=loading\" target=\"_blank\"><br \/>\n<\/a><\/p>\n<div style=\"display: flex; flex-direction: row; align-items: center;\"><\/div>\n<div style=\"padding: 19% 0;\"><\/div>\n<div style=\"display: block; height: 50px; margin: 0 auto 12px; width: 50px;\"><\/div>\n<div style=\"padding-top: 8px;\">\n<div style=\"color: #3897f0; font-family: Arial,sans-serif; font-size: 14px; font-style: normal; font-weight: 550; line-height: 18px;\">Ver esta publicaci\u00f3n en Instagram<\/div>\n<\/div>\n<p style=\"margin: 8px 0 0 0; padding: 0 4px;\"><a style=\"color: #000; font-family: Arial,sans-serif; font-size: 14px; font-style: normal; font-weight: normal; line-height: 17px; text-decoration: none; word-wrap: break-word;\" href=\"https:\/\/www.instagram.com\/p\/BuSt9vYgoS7\/?utm_source=ig_embed&amp;utm_medium=loading\" target=\"_blank\">Muchas Felicidades!!!! @alfonsocuaron El gran ganador de la noche!!! Como Latino, me siento honrado y bendecido por haber estado presente con #Teheprometido. Toda mi admiraci\u00f3n y respeto! #GraciasM\u00e9xico #Roma #Teheprometido #LlorarasLloraras #Oscars2019<\/a><\/p>\n<p style=\"color: #c9c8cd; font-family: Arial,sans-serif; font-size: 14px; line-height: 17px; margin-bottom: 0; margin-top: 8px; overflow: hidden; padding: 8px 0 7px; text-align: center; text-overflow: ellipsis; white-space: nowrap;\">Una publicaci\u00f3n compartida de <a style=\"color: #c9c8cd; font-family: Arial,sans-serif; font-size: 14px; font-style: normal; font-weight: normal; line-height: 17px;\" href=\"https:\/\/www.instagram.com\/leodanoficial\/?utm_source=ig_embed&amp;utm_medium=loading\" target=\"_blank\"> Leo Dan<\/a> (@leodanoficial) el <time style=\"font-family: Arial,sans-serif; font-size: 14px; line-height: 17px;\" datetime=\"2019-02-25T05:08:21+00:00\">24 Feb, 2019 a las 9:08 PST<\/time><\/p>\n<\/div>\n<\/blockquote>\n<p><script src=\"\/\/www.instagram.com\/embed.js\" async=\"\"><\/script><\/p>\n<p>Finalmente uno de los momentos m\u00e1s emocionantes fue donde se pudo escuchar el tema popularizado por\u00a0<strong>Leo Dan<\/strong>\u00a0durante la gala de los premios, emocionando a los latinos que se encontraban en la ceremonia y hasta el mismo m\u00fasico.<\/p>\n<blockquote class=\"instagram-media\" style=\"background: #FFF; border: 0; border-radius: 3px; box-shadow: 0 0 1px 0 rgba(0,0,0,0.5),0 1px 10px 0 rgba(0,0,0,0.15); margin: 1px; max-width: 540px; min-width: 326px; padding: 0; width: calc(100% - 2px);\" data-instgrm-captioned=\"\" data-instgrm-permalink=\"https:\/\/www.instagram.com\/p\/BuSkotYhA9F\/?utm_source=ig_embed&amp;utm_medium=loading\" data-instgrm-version=\"12\">\n<div style=\"padding: 16px;\"><a style=\"background: #FFFFFF; line-height: 0; padding: 0 0; text-align: center; text-decoration: none; width: 100%;\" href=\"https:\/\/www.instagram.com\/p\/BuSkotYhA9F\/?utm_source=ig_embed&amp;utm_medium=loading\" target=\"_blank\"><br \/>\n <\/a><\/p>\n<div style=\"display: flex; flex-direction: row; align-items: center;\"><\/div>\n<div style=\"padding: 19% 0;\"><\/div>\n<div style=\"display: block; height: 50px; margin: 0 auto 12px; width: 50px;\"><\/div>\n<div style=\"padding-top: 8px;\">\n<div style=\"color: #3897f0; font-family: Arial,sans-serif; font-size: 14px; font-style: normal; font-weight: 550; line-height: 18px;\">Ver esta publicaci\u00f3n en Instagram<\/div>\n<\/div>\n<p><a style=\"color: #000; font-family: Arial,sans-serif; font-size: 14px; font-style: normal; font-weight: normal; line-height: 17px; text-decoration: none; word-wrap: break-word;\" href=\"https:\/\/www.instagram.com\/p\/BuSkotYhA9F\/?utm_source=ig_embed&amp;utm_medium=loading\" target=\"_blank\">As\u00ed fue la reacci\u00f3n de Nico el hijo de Leo Dan cuando escuch\u00f3 la m\u00fasica de su padre en los premios Oscar con la mejor pel\u00edcula Roma, y la cara de Leo Dan emocionado .. Eres grande Leo&#8230; Orgullo Latino, Dios te bendiga # Telemundo #su\u00e9ltala sopa # unnuevodia # Oscar # canci\u00f3n #momentos @nicolastevez @leodanoficial<\/a><\/p>\n<p>Una publicaci\u00f3n compartida de <a style=\"color: #c9c8cd; font-family: Arial,sans-serif; font-size: 14px; font-style: normal; font-weight: normal; line-height: 17px;\" href=\"https:\/\/www.instagram.com\/starsworldproduction\/?utm_source=ig_embed&amp;utm_medium=loading\" target=\"_blank\"> Luz Karime Anchique<\/a> (@starsworldproduction) el <time style=\"font-family: Arial,sans-serif; font-size: 14px; line-height: 17px;\" datetime=\"2019-02-25T03:47:05+00:00\">24 Feb, 2019 a las 7:47 PST<\/time>\n<\/div>\n<\/blockquote>\n<p><script src=\"\/\/www.instagram.com\/embed.js\" async=\"\"><\/script><\/p>\n<blockquote class=\"instagram-media\" style=\"background: #FFF; border: 0; border-radius: 3px; box-shadow: 0 0 1px 0 rgba(0,0,0,0.5),0 1px 10px 0 rgba(0,0,0,0.15); margin: 1px; max-width: 540px; min-width: 326px; padding: 0; width: calc(100% - 2px);\" data-instgrm-captioned=\"\" data-instgrm-permalink=\"https:\/\/www.instagram.com\/p\/BuSkic0BqQK\/?utm_source=ig_embed&amp;utm_medium=loading\" data-instgrm-version=\"12\">\n<div style=\"padding: 16px;\"><a style=\"background: #FFFFFF; line-height: 0; padding: 0 0; text-align: center; text-decoration: none; width: 100%;\" href=\"https:\/\/www.instagram.com\/p\/BuSkic0BqQK\/?utm_source=ig_embed&amp;utm_medium=loading\" target=\"_blank\"><br \/>\n<\/a><\/p>\n<div style=\"display: flex; flex-direction: row; align-items: center;\"><\/div>\n<div style=\"padding: 19% 0;\"><\/div>\n<div style=\"display: block; height: 50px; margin: 0 auto 12px; width: 50px;\"><\/div>\n<div style=\"padding-top: 8px;\">\n<div style=\"color: #3897f0; font-family: Arial,sans-serif; font-size: 14px; font-style: normal; font-weight: 550; line-height: 18px;\">Ver esta publicaci\u00f3n en Instagram<\/div>\n<\/div>\n<p><a style=\"color: #000; font-family: Arial,sans-serif; font-size: 14px; font-style: normal; font-weight: normal; line-height: 17px; text-decoration: none; word-wrap: break-word;\" href=\"https:\/\/www.instagram.com\/p\/BuSkic0BqQK\/?utm_source=ig_embed&amp;utm_medium=loading\" target=\"_blank\">cara de Leo Dan emocionado cuando escucho su canci\u00f3n en los premios Oscar Eres grande Leo&#8230; Orgullo Latino, Dios te bendiga # Telemundo #su\u00e9ltala sopa # unnuevodia # Oscar # canci\u00f3n #momentos @sueltalasopatv @unnuevodia @telemundo47<\/a><\/p>\n<p>Una publicaci\u00f3n compartida de <a style=\"color: #c9c8cd; font-family: Arial,sans-serif; font-size: 14px; font-style: normal; font-weight: normal; line-height: 17px;\" href=\"https:\/\/www.instagram.com\/starsworldproduction\/?utm_source=ig_embed&amp;utm_medium=loading\" target=\"_blank\"> Luz Karime Anchique<\/a> (@starsworldproduction) el <time style=\"font-family: Arial,sans-serif; font-size: 14px; line-height: 17px;\" datetime=\"2019-02-25T03:45:59+00:00\">24 Feb, 2019 a las 7:45 PST<\/time><\/p>\n<\/div>\n<\/blockquote>\n<p><script src=\"\/\/www.instagram.com\/embed.js\" async=\"\"><\/script><\/p>\n<p>Cabe destacar que\u00a0a pedido de su p\u00fablico Leo Dan regreso\u00a0a Estados Unidos. Adem\u00e1s el se encontraba en la ciudad de New Jersey\u00a0en un esperado concierto que se llev\u00f3 a cabo en\u00a0<strong>The Boulevard<\/strong>\u00a0<span id=\"yui_3_17_2_1_1548453388653_149\" class=\"eventitem-meta-address-line eventitem-meta-address-line--title\">\u00a0a las\u00a0<strong>7 pm, <\/strong>donde hizo vibrar a su p\u00fablico con su gran repertorio<strong>.<\/strong><\/span><\/p>\n<blockquote class=\"instagram-media\" style=\"background: #FFF; border: 0; border-radius: 3px; box-shadow: 0 0 1px 0 rgba(0,0,0,0.5),0 1px 10px 0 rgba(0,0,0,0.15); margin: 1px; max-width: 540px; min-width: 326px; padding: 0; width: calc(100% - 2px);\" data-instgrm-captioned=\"\" data-instgrm-permalink=\"https:\/\/www.instagram.com\/p\/BuRCqHkAUqR\/?utm_source=ig_embed&amp;utm_medium=loading\" data-instgrm-version=\"12\">\n<div style=\"padding: 16px;\"><a style=\"background: #FFFFFF; line-height: 0; padding: 0 0; text-align: center; text-decoration: none; width: 100%;\" href=\"https:\/\/www.instagram.com\/p\/BuRCqHkAUqR\/?utm_source=ig_embed&amp;utm_medium=loading\" target=\"_blank\"><br \/>\n <\/a><\/p>\n<div style=\"display: flex; flex-direction: row; align-items: center;\"><\/div>\n<div style=\"padding: 19% 0;\"><\/div>\n<div style=\"display: block; height: 50px; margin: 0 auto 12px; width: 50px;\"><\/div>\n<div style=\"padding-top: 8px;\">\n<div style=\"color: #3897f0; font-family: Arial,sans-serif; font-size: 14px; font-style: normal; font-weight: 550; line-height: 18px;\">Ver esta publicaci\u00f3n en Instagram<\/div>\n<\/div>\n<p><a style=\"color: #000; font-family: Arial,sans-serif; font-size: 14px; font-style: normal; font-weight: normal; line-height: 17px; text-decoration: none; word-wrap: break-word;\" href=\"https:\/\/www.instagram.com\/p\/BuRCqHkAUqR\/?utm_source=ig_embed&amp;utm_medium=loading\" target=\"_blank\">\u00abLloraras, lloraras por tu capricho\u00a0 Si yo s\u00e9 es a m\u00ed a quien quieres No podr\u00e1s ser feliz con ning\u00fan otro\u00a0Pues conmigo conociste el amor S\u00ed el amor, s\u00ed el amor\ud83d\udc9d\ud83c\udf87 Muchas gracias por tan hermosa musica #mariachi @nycmariachi #Repostapp #Fans\ud83d\udc9d Que bonita experiencia poder ver a Leo Dan en concierto! Su voz igual! \ud83d\udc83\ud83c\udffb\ud83d\udc97\ud83d\udc83\ud83c\udffb#teheprometido #leodan #legend #sonyhall #saturdaynight #nyc #leodanporsiempre<\/a><\/p>\n<p>Una publicaci\u00f3n compartida de <a style=\"color: #c9c8cd; font-family: Arial,sans-serif; font-size: 14px; font-style: normal; font-weight: normal; line-height: 17px;\" href=\"https:\/\/www.instagram.com\/leodanoficial\/?utm_source=ig_embed&amp;utm_medium=loading\" target=\"_blank\"> Leo Dan<\/a> (@leodanoficial) el <time style=\"font-family: Arial,sans-serif; font-size: 14px; line-height: 17px;\" datetime=\"2019-02-24T13:34:26+00:00\">24 Feb, 2019 a las 5:34 PST<\/time>\n<\/div>\n<\/blockquote>\n<p><script src=\"\/\/www.instagram.com\/embed.js\" async=\"\"><\/script><\/p>\n<p>Sin duda\u00a0tras el enorme \u00e9xito de la pel\u00edcula,\u00a0<strong>el cantante argentino\u00a0Leo Dan<\/strong>, recordado por baladas como &#8216;Mary es mi amor&#8217;, &#8216;C\u00f3mo te extra\u00f1o mi amor&#8217;, &#8216;Esa pared&#8217; y &#8216;Te he prometido&#8217;, entre muchas otras canciones que lo hicieron uno de los artistas m\u00e1s destacados de la m\u00fasica de plancha de los a\u00f1os 60&#8242; y 70&#8242;;\u00a0<strong>no desaprovech\u00f3 la oportunidad para\u00a0agradecerle a Alfonso Cuar\u00f3n por incluir uno de sus temas en la banda sonora de &#8216;Roma&#8217;.\u00a0<\/strong><\/p>\n<p>Por medio de su cuenta de Twitter, el artista manifest\u00f3 su felicidad de que el tema &#8216;Te he prometido&#8217; hiciera parte del &#8216;soundtrack&#8217;.<\/p>\n<blockquote class=\"twitter-tweet\" data-lang=\"es\"><p>\u00abEstoy muy feliz de que una de mis canciones favoritas sea el tema principal de una pel\u00edcula tan bella \u00a1Muchas gracias por tanto cari\u00f1o, <a href=\"https:\/\/twitter.com\/hashtag\/M%C3%A9xico?src=hash&amp;ref_src=twsrc%5Etfw\">#M\u00e9xico<\/a>! \ud83c\udfb6\ud83d\udc97<\/p>\n<p>Escucha \u201cTe prometido\u201d (tambi\u00e9n conocida&#8230; <a href=\"https:\/\/t.co\/DNu6rzhSti\">https:\/\/t.co\/DNu6rzhSti<\/a><\/p>\n<p>\u2014 Leo Dan (@Leo_DanOficial) <a href=\"https:\/\/twitter.com\/Leo_DanOficial\/status\/1083860955673608192?ref_src=twsrc%5Etfw\">11 de enero de 2019<\/a><\/p><\/blockquote>\n<p><script src=\"https:\/\/platform.twitter.com\/widgets.js\" async=\"\" charset=\"utf-8\"><\/script><\/p>\n<p>Por lo tanto Cuar\u00f3n por su parte, respondi\u00f3 a las palabras de agradecimiento de\u00a0Leo Dan resaltando su labor en la m\u00fasica.<\/p>\n<blockquote class=\"twitter-tweet\" data-lang=\"es\"><p>\nGracias a ti, <a href=\"https:\/\/twitter.com\/Leo_DanOficial?ref_src=twsrc%5Etfw\">@Leo_DanOficial<\/a> , tus canciones han sido los temas musicales de muchas vidas. <a href=\"https:\/\/t.co\/VVVufmwNvJ\">https:\/\/t.co\/VVVufmwNvJ<\/a><\/p>\n<p>\u2014 Alfonso Cuaron (@alfonsocuaron) <a href=\"https:\/\/twitter.com\/alfonsocuaron\/status\/1086903059240837120?ref_src=twsrc%5Etfw\">20 de enero de 2019<\/a>\n<\/p><\/blockquote>\n<p><script src=\"https:\/\/platform.twitter.com\/widgets.js\" async=\"\" charset=\"utf-8\"><\/script><\/p>\n<p style=\"text-align: justify;\">Del mismo modo la pel\u00edcula,\u00a0una producci\u00f3n original del\u00a0<strong>Netflix<\/strong>, est\u00e1 ambientada a principios de la d\u00e9cada de 1970 y sigue de cerca la historia de &#8216;Cleo&#8217;, la\u00a0empleada dom\u00e9stica de una familia de clase media que reside en la colonia &#8216;Roma&#8217; de la ciudad de M\u00e9xico.<\/p>\n<p style=\"text-align: justify;\">Aunque todo parece transcurrir de manera normal, el hogar se ve duramente afectado por los problemas nacionales que han manchado\u00a0<strong>la historia de M\u00e9xico,\u00a0como\u00a0&#8216;El Halconazo<\/strong>&#8216;,\u00a0<strong>tambi\u00e9n conocido como &#8216;la Masacre de Corpus Christi&#8217;<\/strong>, ocurrido en 1971 cuando al servicio del estado\u00a0un grupo de paramilitares llamados &#8216;Los Halcones&#8217;\u00a0reprimieron una protesta estudiantil. Adem\u00e1s, de los problemas familiares, que incluyen un divorcio, un embarazo no deseado y la p\u00e9rdida de un beb\u00e9.<\/p>\n<p style=\"text-align: justify;\">A\u00fan as\u00ed,\u00a0 la pel\u00edcula resalta la fortaleza y valent\u00eda de sus mujeres protagonistas y es importante resaltar, que l<strong>a cinta es un retrato biogr\u00e1fico de Cuar\u00f3n, quien se inspir\u00f3 en su propia historia y en Liboria Rord\u00edguez, la empleada dom\u00e9stica\u00a0<\/strong>que lo acompa\u00f1\u00f3 en su infancia para escribir y dirigir esta pel\u00edcula.<\/p>\n<p><iframe loading=\"lazy\" src=\"https:\/\/www.youtube.com\/embed\/iKyZdxGQj2w\" width=\"560\" height=\"315\" frameborder=\"0\" allowfullscreen=\"allowfullscreen\"><\/iframe><\/p>\n<h6 style=\"text-align: justify;\">Fuente. LaFM<\/h6>\n","protected":false},"excerpt":{"rendered":"<p>Roma&#8217; de Alfonso Cuar\u00f3n\u00a0se ha llevado todos los aplausos y elogios tanto de la cr\u00edtica, como de la audiencia. Por lo que no cabe duda de que la cinta mexicana piso\u00a0fuerte los Premios de la Academia que se celebraron el 24 de Febrero. Ver esta publicaci\u00f3n en Instagram Muchas Felicidades!!!! @alfonsocuaron El gran ganador de [&hellip;]<\/p>\n","protected":false},"author":1,"featured_media":971,"comment_status":"open","ping_status":"open","sticky":false,"template":"","format":"standard","meta":{"footnotes":""},"categories":[121],"tags":[168,170,173,306,592,777,903,1026,1702,1804,1996,2527,2601,2633,2644,2813,2914,2917,4181,4331,4361,4396,4535,4930,5118,5165,5240,5723,6062,6151,6431,6560,7258],"class_list":["post-969","post","type-post","status-publish","format-standard","has-post-thumbnail","category-noticias-musicales","tag-esa-pared","tag-mary-es-mi-amor","tag-te-he-prometido","tag-24-de-febrero","tag-alfonso-cuaron","tag-aplausos","tag-audiencia","tag-banda-sonora","tag-cleo","tag-como-te-extrano-mi-amor","tag-critica","tag-el-halconazo","tag-elogios","tag-emocionando","tag-empleada-domestica","tag-estados-unidos","tag-exito","tag-exito-de-la-pelicula","tag-la-masacre-de-corpus-christi","tag-latinos","tag-leo-dan","tag-liboria-rordiguez","tag-los-halcones","tag-mexico","tag-mujeres-protagonistas","tag-musico","tag-netflix","tag-pelicula","tag-produccion","tag-publico","tag-resaltando-su-labor-en-la-musica","tag-roma","tag-the-boulevard"],"_links":{"self":[{"href":"https:\/\/starsworldproduction.com\/web\/wp-json\/wp\/v2\/posts\/969","targetHints":{"allow":["GET"]}}],"collection":[{"href":"https:\/\/starsworldproduction.com\/web\/wp-json\/wp\/v2\/posts"}],"about":[{"href":"https:\/\/starsworldproduction.com\/web\/wp-json\/wp\/v2\/types\/post"}],"author":[{"embeddable":true,"href":"https:\/\/starsworldproduction.com\/web\/wp-json\/wp\/v2\/users\/1"}],"replies":[{"embeddable":true,"href":"https:\/\/starsworldproduction.com\/web\/wp-json\/wp\/v2\/comments?post=969"}],"version-history":[{"count":0,"href":"https:\/\/starsworldproduction.com\/web\/wp-json\/wp\/v2\/posts\/969\/revisions"}],"wp:featuredmedia":[{"embeddable":true,"href":"https:\/\/starsworldproduction.com\/web\/wp-json\/wp\/v2\/media\/971"}],"wp:attachment":[{"href":"https:\/\/starsworldproduction.com\/web\/wp-json\/wp\/v2\/media?parent=969"}],"wp:term":[{"taxonomy":"category","embeddable":true,"href":"https:\/\/starsworldproduction.com\/web\/wp-json\/wp\/v2\/categories?post=969"},{"taxonomy":"post_tag","embeddable":true,"href":"https:\/\/starsworldproduction.com\/web\/wp-json\/wp\/v2\/tags?post=969"}],"curies":[{"name":"wp","href":"https:\/\/api.w.org\/{rel}","templated":true}]}}