{"id":9703,"date":"2019-10-18T12:00:39","date_gmt":"2019-10-18T12:00:39","guid":{"rendered":"https:\/\/www.starsworldproduction.com\/?p=2774"},"modified":"2019-10-18T12:00:39","modified_gmt":"2019-10-18T12:00:39","slug":"camila-cabello-se-alista-volver-los-escenarios-romance","status":"publish","type":"post","link":"https:\/\/starsworldproduction.com\/web\/2019\/10\/18\/camila-cabello-se-alista-volver-los-escenarios-romance\/","title":{"rendered":"Camila Cabello se alista para volver a los escenarios con \u00abRomance\u00bb"},"content":{"rendered":"<p style=\"text-align: justify;\">\u00a1Por fin! Despu\u00e9s de meses de espera,\u00a0<strong>Camila Cabello<\/strong>\u00a0ha anunciado su pr\u00f3ximo proyecto musical\u00a0que lleva por nombre\u00a0Romance. Aunque eso s\u00ed, no ha aclarado si se trata de una canci\u00f3n o un \u00e1lbum entero.<\/p>\n<p style=\"text-align: justify;\">Por suerte para sus incondicionales no habr\u00e1 que esperar mucho para salir de dudas, ya que este mismo 5 de septiembre lo lanzar\u00e1.<\/p>\n<p style=\"text-align: justify;\">Para comunicar la gran noticia, la cubana ha compartido algunos\u00a0teasers\u00a0y fotograf\u00edas con los que ha dejado claro que este nuevo trabajo est\u00e1 inspirado en el amor. Algo que ya hab\u00eda manifestado hace unas semanas\u00a0durante una entrevista con\u00a0Variety.<\/p>\n<p style=\"text-align: justify;\">\u00abEnamorarse es como una cantidad infinita de niveles, capas y \u00e1ngulos. Me enamor\u00e9 y me abr\u00ed. Todo fue escrito en tiempo presente\u00bb, dijo sobre el proceso de composici\u00f3n de su segundo \u00e1lbum.<\/p>\n<p style=\"text-align: justify;\">Aunque el lanzamiento del que ser\u00eda su segundo trabajo discogr\u00e1fico despu\u00e9s de\u00a0Camila\u00a0le ha llevado m\u00e1s tiempo de lo previsto, seguro que la espera merecer\u00e1 la pena porque la joven le va a abrir literalmente su coraz\u00f3n al mundo.<\/p>\n<p style=\"text-align: justify;\">\u00abBienvenidos al mundo del Romance. Est\u00e1is cordialmente invitados a la primera entrega el 5 de septiembre de 2019. Realmente te rendir\u00e1s ante el drama. Cortes\u00eda de Camila Cabello\u00bb, se lee al final del material audiovisual.<\/p>\n<p style=\"text-align: justify;\">Adem\u00e1s, en sus plataformas tambi\u00e9n ha publicado un v\u00eddeo en el que reflexiona y se pregunta sobre el amor.<\/p>\n<h5><strong>Estas son algunas de las frases del comienzo del v\u00eddeo:<\/strong><\/h5>\n<ul style=\"list-style-type: square;\">\n<li style=\"text-align: justify;\">\u00bfQu\u00e9 s\u00e9 sobre el amor. Nada.<\/li>\n<li style=\"text-align: justify;\">\u00bfA d\u00f3nde va cuando se acaba?<\/li>\n<li style=\"text-align: justify;\">\u00bfCuando nos abandona?<\/li>\n<li style=\"text-align: justify;\">\u00bfPor qu\u00e9 muere?<\/li>\n<li style=\"text-align: justify;\">\u00bfLo has matado en un violento soplo?<\/li>\n<li style=\"text-align: justify;\">\u00bfO es un mill\u00f3n de peque\u00f1os cortes y cicatrices desesperados y sin atender?<\/li>\n<li style=\"text-align: justify;\">\u00bfQu\u00e9 s\u00e9 sobre el amor? Todo.<\/li>\n<\/ul>\n<h5><strong>Mira el video aqu\u00ed:<\/strong><\/h5>\n<p><iframe loading=\"lazy\" src=\"https:\/\/www.youtube.com\/embed\/Vb1WIHtLwjs\" width=\"560\" height=\"315\" frameborder=\"0\" allowfullscreen=\"allowfullscreen\"><\/iframe><\/p>\n<p>&nbsp;<\/p>\n<p>&nbsp;<\/p>\n","protected":false},"excerpt":{"rendered":"<p>\u00a1Por fin! Despu\u00e9s de meses de espera,\u00a0Camila Cabello\u00a0ha anunciado su pr\u00f3ximo proyecto musical\u00a0que lleva por nombre\u00a0Romance. Aunque eso s\u00ed, no ha aclarado si se trata de una canci\u00f3n o un \u00e1lbum entero. Por suerte para sus incondicionales no habr\u00e1 que esperar mucho para salir de dudas, ya que este mismo 5 de septiembre lo lanzar\u00e1. [&hellip;]<\/p>\n","protected":false},"author":1,"featured_media":2791,"comment_status":"open","ping_status":"open","sticky":false,"template":"","format":"standard","meta":{"footnotes":""},"categories":[121],"tags":[667,718,908,1346,1373,1403,1438,1823,2019,2020,2305,2670,2746,2914,3524,3744,4169,4318,4761,4762,5141,5161,5299,5988,6136,6138,6227,6332,6562,6756,6914,7168,7204,7391,7392,7409,7712,7720,16,7783,7907],"class_list":["post-9703","post","type-post","status-publish","format-standard","has-post-thumbnail","category-noticias-musicales","tag-amor","tag-angulos","tag-audiovisual","tag-camila-cabello","tag-cancion","tag-cantante","tag-capas","tag-composicion","tag-cuba","tag-cubana","tag-discografico","tag-enamore","tag-escenarios","tag-exito","tag-hit","tag-instagram","tag-la-habana","tag-latina","tag-material","tag-material-audiovisual","tag-musica","tag-musical","tag-niveles","tag-prepara","tag-proyecto","tag-proyecto-musical","tag-raices","tag-redes-sociales","tag-romance","tag-segundo-album","tag-single","tag-teaser","tag-tema","tag-trabajo","tag-trabajo-discografico","tag-trailer","tag-video","tag-videoclip","tag-viral","tag-volvera","tag-youtube"],"_links":{"self":[{"href":"https:\/\/starsworldproduction.com\/web\/wp-json\/wp\/v2\/posts\/9703","targetHints":{"allow":["GET"]}}],"collection":[{"href":"https:\/\/starsworldproduction.com\/web\/wp-json\/wp\/v2\/posts"}],"about":[{"href":"https:\/\/starsworldproduction.com\/web\/wp-json\/wp\/v2\/types\/post"}],"author":[{"embeddable":true,"href":"https:\/\/starsworldproduction.com\/web\/wp-json\/wp\/v2\/users\/1"}],"replies":[{"embeddable":true,"href":"https:\/\/starsworldproduction.com\/web\/wp-json\/wp\/v2\/comments?post=9703"}],"version-history":[{"count":0,"href":"https:\/\/starsworldproduction.com\/web\/wp-json\/wp\/v2\/posts\/9703\/revisions"}],"wp:featuredmedia":[{"embeddable":true,"href":"https:\/\/starsworldproduction.com\/web\/wp-json\/wp\/v2\/media\/2791"}],"wp:attachment":[{"href":"https:\/\/starsworldproduction.com\/web\/wp-json\/wp\/v2\/media?parent=9703"}],"wp:term":[{"taxonomy":"category","embeddable":true,"href":"https:\/\/starsworldproduction.com\/web\/wp-json\/wp\/v2\/categories?post=9703"},{"taxonomy":"post_tag","embeddable":true,"href":"https:\/\/starsworldproduction.com\/web\/wp-json\/wp\/v2\/tags?post=9703"}],"curies":[{"name":"wp","href":"https:\/\/api.w.org\/{rel}","templated":true}]}}